{"id":183151,"date":"2019-01-24T08:45:58","date_gmt":"2019-01-24T13:45:58","guid":{"rendered":"https:\/\/mymodernmet.com\/shadow-art-installation-theory-of-time-daku\/"},"modified":"2019-01-23T22:54:26","modified_gmt":"2019-01-24T03:54:26","slug":"instalacion-arte-de-sombras-daku","status":"publish","type":"post","link":"https:\/\/mymodernmet.com\/es\/instalacion-arte-de-sombras-daku\/","title":{"rendered":"La luz del sol proyecta mensajes sobre el paso del tiempo en esta instalaci\u00f3n callejera"},"content":{"rendered":"<p><noscript><img decoding=\"async\" class=\"lazyload alignnone wp-image-182784 size-full\" src=\"https:\/\/mymodernmet.com\/wp\/wp-content\/uploads\/2019\/01\/shadow-art-installation-theory-of-time-daku-6.jpg\" alt=\"Instalaci&oacute;n inmersiva con sombras Theory of Time por DAKU\" width=\"750\" height=\"738\" srcset=\"https:\/\/mymodernmet.com\/wp\/wp-content\/uploads\/2019\/01\/shadow-art-installation-theory-of-time-daku-6.jpg 750w, https:\/\/mymodernmet.com\/wp\/wp-content\/uploads\/2019\/01\/shadow-art-installation-theory-of-time-daku-6-300x295.jpg 300w\" sizes=\"(max-width: 750px) 100vw, 750px\" \/><\/noscript><img decoding=\"async\" class=\"lazyload alignnone wp-image-182784 size-full\" src=\"data:image\/svg+xml,&lt;svg xmlns=&quot;http:\/\/www.w3.org\/2000\/svg&quot; viewBox=&quot;0 0 750 738&quot;&gt;&lt;\/svg&gt;\" data-src=\"https:\/\/mymodernmet.com\/wp\/wp-content\/uploads\/2019\/01\/shadow-art-installation-theory-of-time-daku-6.jpg\" alt=\"Instalaci&oacute;n inmersiva con sombras Theory of Time por DAKU\" width=\"750\" height=\"738\" data-srcset=\"https:\/\/mymodernmet.com\/wp\/wp-content\/uploads\/2019\/01\/shadow-art-installation-theory-of-time-daku-6.jpg 750w, https:\/\/mymodernmet.com\/wp\/wp-content\/uploads\/2019\/01\/shadow-art-installation-theory-of-time-daku-6-300x295.jpg 300w\" sizes=\"(max-width: 750px) 100vw, 750px\" \/><\/p>\n<p>El artista callejero indio&nbsp;<a href=\"https:\/\/www.instagram.com\/daku156\/\" target=\"_blank\" rel=\"noopener\">DAKU<\/a>&nbsp;recientemente desvel&oacute; una instalaci&oacute;n de arte con sombras en Panjim, Goa. Titulada <em>Theory of Time<\/em> (&#8220;Teor&iacute;a del tiempo&#8221;) la incre&iacute;ble pieza se compone de una red suspendida sobre la calle con letras que proyectan sombras tipogr&aacute;ficas sobre el concreto al ser iluminadas por el sol. Las letras forman frases relacionadas con el tiempo, tales como &#8220;el tiempo hace maravillas&#8221; y &#8220;el tiempo es una ilusi&oacute;n&#8221;.<\/p>\n<p>Un video de c&aacute;mara r&aacute;pida publicado en el&nbsp;<a href=\"https:\/\/www.instagram.com\/p\/BszbJ50n8EW\/\" target=\"_blank\" rel=\"noopener\">Instagram<\/a>&nbsp;de DAKU muestra el movimiento del texto de un lado al otro de la calle conforme cambia la posici&oacute;n del sol durante el d&iacute;a. Esta es una visualizaci&oacute;n del tiempo en s&iacute; e ilustra una de las frases m&aacute;s cautivadoras de la instalaci&oacute;n: &#8220;el tiempo se mueve&#8221;.&nbsp;Los espectadores pueden adentrarse en el arte de DAKU caminando a trav&eacute;s del constante flujo de letras oscuras mientras contemplan el inevitable paso del tiempo.<\/p>\n<p><em>Theory of Time<\/em> cuenta con el apoyo de la organizaci&oacute;n de arte p&uacute;blico sin fines de lucro&nbsp;<a href=\"https:\/\/st-artindia.org\/\" target=\"_blank\" rel=\"noopener\">St+art India<\/a>&nbsp;como parte del festival Start Goa. Para ver m&aacute;s del trabajo de DAKU, puedes seguir al artista en&nbsp;<a href=\"https:\/\/www.instagram.com\/daku156\/\" target=\"_blank\" rel=\"noopener\">Instagram<\/a>.<\/p>\n<h2>El artista callejero DAKU explora el paso del tiempo en su instalaci&oacute;n inmersiva de arte de sombras, T<em>heory of Time<\/em>.<\/h2>\n<p><noscript><img decoding=\"async\" class=\"lazyload alignnone wp-image-182780 size-full\" src=\"https:\/\/mymodernmet.com\/wp\/wp-content\/uploads\/2019\/01\/shadow-art-installation-theory-of-time-daku-4.jpg\" alt=\"Instalaci&oacute;n inmersiva con sombras Theory of Time por DAKU\" width=\"750\" height=\"736\" srcset=\"https:\/\/mymodernmet.com\/wp\/wp-content\/uploads\/2019\/01\/shadow-art-installation-theory-of-time-daku-4.jpg 750w, https:\/\/mymodernmet.com\/wp\/wp-content\/uploads\/2019\/01\/shadow-art-installation-theory-of-time-daku-4-300x294.jpg 300w\" sizes=\"(max-width: 750px) 100vw, 750px\" \/><\/noscript><img decoding=\"async\" class=\"lazyload alignnone wp-image-182780 size-full\" src=\"data:image\/svg+xml,&lt;svg xmlns=&quot;http:\/\/www.w3.org\/2000\/svg&quot; viewBox=&quot;0 0 750 736&quot;&gt;&lt;\/svg&gt;\" data-src=\"https:\/\/mymodernmet.com\/wp\/wp-content\/uploads\/2019\/01\/shadow-art-installation-theory-of-time-daku-4.jpg\" alt=\"Instalaci&oacute;n inmersiva con sombras Theory of Time por DAKU\" width=\"750\" height=\"736\" data-srcset=\"https:\/\/mymodernmet.com\/wp\/wp-content\/uploads\/2019\/01\/shadow-art-installation-theory-of-time-daku-4.jpg 750w, https:\/\/mymodernmet.com\/wp\/wp-content\/uploads\/2019\/01\/shadow-art-installation-theory-of-time-daku-4-300x294.jpg 300w\" sizes=\"(max-width: 750px) 100vw, 750px\" \/><\/p>\n<h2>La instalaci&oacute;n callejera se compone de una red con letras que, al ser iluminadas por el sol, producen sombras tipogr&aacute;ficas sobre el concreto.<\/h2>\n<p><noscript><img decoding=\"async\" class=\"lazyload alignnone wp-image-182778 size-full\" src=\"https:\/\/mymodernmet.com\/wp\/wp-content\/uploads\/2019\/01\/shadow-art-installation-theory-of-time-daku-3.jpg\" alt=\"Instalaci&oacute;n inmersiva con sombras Theory of Time por DAKU\" width=\"750\" height=\"737\" srcset=\"https:\/\/mymodernmet.com\/wp\/wp-content\/uploads\/2019\/01\/shadow-art-installation-theory-of-time-daku-3.jpg 750w, https:\/\/mymodernmet.com\/wp\/wp-content\/uploads\/2019\/01\/shadow-art-installation-theory-of-time-daku-3-300x295.jpg 300w\" sizes=\"(max-width: 750px) 100vw, 750px\" \/><\/noscript><img decoding=\"async\" class=\"lazyload alignnone wp-image-182778 size-full\" src=\"data:image\/svg+xml,&lt;svg xmlns=&quot;http:\/\/www.w3.org\/2000\/svg&quot; viewBox=&quot;0 0 750 737&quot;&gt;&lt;\/svg&gt;\" data-src=\"https:\/\/mymodernmet.com\/wp\/wp-content\/uploads\/2019\/01\/shadow-art-installation-theory-of-time-daku-3.jpg\" alt=\"Instalaci&oacute;n inmersiva con sombras Theory of Time por DAKU\" width=\"750\" height=\"737\" data-srcset=\"https:\/\/mymodernmet.com\/wp\/wp-content\/uploads\/2019\/01\/shadow-art-installation-theory-of-time-daku-3.jpg 750w, https:\/\/mymodernmet.com\/wp\/wp-content\/uploads\/2019\/01\/shadow-art-installation-theory-of-time-daku-3-300x295.jpg 300w\" sizes=\"(max-width: 750px) 100vw, 750px\" \/><\/p>\n<p><noscript><img decoding=\"async\" class=\"lazyload alignnone wp-image-182774 size-full\" src=\"https:\/\/mymodernmet.com\/wp\/wp-content\/uploads\/2019\/01\/shadow-art-installation-theory-of-time-daku-1.jpg\" alt=\"Instalaci&oacute;n inmersiva con sombras Theory of Time por DAKU\" width=\"750\" height=\"737\" srcset=\"https:\/\/mymodernmet.com\/wp\/wp-content\/uploads\/2019\/01\/shadow-art-installation-theory-of-time-daku-1.jpg 750w, https:\/\/mymodernmet.com\/wp\/wp-content\/uploads\/2019\/01\/shadow-art-installation-theory-of-time-daku-1-300x295.jpg 300w\" sizes=\"(max-width: 750px) 100vw, 750px\" \/><\/noscript><img decoding=\"async\" class=\"lazyload alignnone wp-image-182774 size-full\" src=\"data:image\/svg+xml,&lt;svg xmlns=&quot;http:\/\/www.w3.org\/2000\/svg&quot; viewBox=&quot;0 0 750 737&quot;&gt;&lt;\/svg&gt;\" data-src=\"https:\/\/mymodernmet.com\/wp\/wp-content\/uploads\/2019\/01\/shadow-art-installation-theory-of-time-daku-1.jpg\" alt=\"Instalaci&oacute;n inmersiva con sombras Theory of Time por DAKU\" width=\"750\" height=\"737\" data-srcset=\"https:\/\/mymodernmet.com\/wp\/wp-content\/uploads\/2019\/01\/shadow-art-installation-theory-of-time-daku-1.jpg 750w, https:\/\/mymodernmet.com\/wp\/wp-content\/uploads\/2019\/01\/shadow-art-installation-theory-of-time-daku-1-300x295.jpg 300w\" sizes=\"(max-width: 750px) 100vw, 750px\" \/><\/p>\n<p><noscript><img decoding=\"async\" class=\"lazyload alignnone wp-image-182776 size-full\" src=\"https:\/\/mymodernmet.com\/wp\/wp-content\/uploads\/2019\/01\/shadow-art-installation-theory-of-time-daku-2.jpg\" alt=\"Instalaci&oacute;n inmersiva con sombras Theory of Time por DAKU\" width=\"750\" height=\"737\" srcset=\"https:\/\/mymodernmet.com\/wp\/wp-content\/uploads\/2019\/01\/shadow-art-installation-theory-of-time-daku-2.jpg 750w, https:\/\/mymodernmet.com\/wp\/wp-content\/uploads\/2019\/01\/shadow-art-installation-theory-of-time-daku-2-300x295.jpg 300w\" sizes=\"(max-width: 750px) 100vw, 750px\" \/><\/noscript><img decoding=\"async\" class=\"lazyload alignnone wp-image-182776 size-full\" src=\"data:image\/svg+xml,&lt;svg xmlns=&quot;http:\/\/www.w3.org\/2000\/svg&quot; viewBox=&quot;0 0 750 737&quot;&gt;&lt;\/svg&gt;\" data-src=\"https:\/\/mymodernmet.com\/wp\/wp-content\/uploads\/2019\/01\/shadow-art-installation-theory-of-time-daku-2.jpg\" alt=\"Instalaci&oacute;n inmersiva con sombras Theory of Time por DAKU\" width=\"750\" height=\"737\" data-srcset=\"https:\/\/mymodernmet.com\/wp\/wp-content\/uploads\/2019\/01\/shadow-art-installation-theory-of-time-daku-2.jpg 750w, https:\/\/mymodernmet.com\/wp\/wp-content\/uploads\/2019\/01\/shadow-art-installation-theory-of-time-daku-2-300x295.jpg 300w\" sizes=\"(max-width: 750px) 100vw, 750px\" \/><\/p>\n<p><noscript><img decoding=\"async\" class=\"lazyload alignnone wp-image-182782 size-full\" src=\"https:\/\/mymodernmet.com\/wp\/wp-content\/uploads\/2019\/01\/shadow-art-installation-theory-of-time-daku-5.jpg\" alt=\"Instalaci&oacute;n inmersiva con sombras Theory of Time por DAKU\" width=\"750\" height=\"738\" srcset=\"https:\/\/mymodernmet.com\/wp\/wp-content\/uploads\/2019\/01\/shadow-art-installation-theory-of-time-daku-5.jpg 750w, https:\/\/mymodernmet.com\/wp\/wp-content\/uploads\/2019\/01\/shadow-art-installation-theory-of-time-daku-5-300x295.jpg 300w\" sizes=\"(max-width: 750px) 100vw, 750px\" \/><\/noscript><img decoding=\"async\" class=\"lazyload alignnone wp-image-182782 size-full\" src=\"data:image\/svg+xml,&lt;svg xmlns=&quot;http:\/\/www.w3.org\/2000\/svg&quot; viewBox=&quot;0 0 750 738&quot;&gt;&lt;\/svg&gt;\" data-src=\"https:\/\/mymodernmet.com\/wp\/wp-content\/uploads\/2019\/01\/shadow-art-installation-theory-of-time-daku-5.jpg\" alt=\"Instalaci&oacute;n inmersiva con sombras Theory of Time por DAKU\" width=\"750\" height=\"738\" data-srcset=\"https:\/\/mymodernmet.com\/wp\/wp-content\/uploads\/2019\/01\/shadow-art-installation-theory-of-time-daku-5.jpg 750w, https:\/\/mymodernmet.com\/wp\/wp-content\/uploads\/2019\/01\/shadow-art-installation-theory-of-time-daku-5-300x295.jpg 300w\" sizes=\"(max-width: 750px) 100vw, 750px\" \/><\/p>\n<h2>Mira un video en c&aacute;mara r&aacute;pida que muestra c&oacute;mo las frases del tiempo se mueven dependiendo de la posici&oacute;n del sol.<\/h2>\n<blockquote class=\"instagram-media\" style=\"background: #FFF; border: 0; border-radius: 3px; box-shadow: 0 0 1px 0 rgba(0,0,0,0.5),0 1px 10px 0 rgba(0,0,0,0.15); margin: 1px; max-width: 540px; min-width: 326px; padding: 0; width: calc(100% - 2px);\" data-instgrm-permalink=\"https:\/\/www.instagram.com\/p\/BszbJ50n8EW\/?utm_source=ig_embed&utm_medium=loading\" data-instgrm-version=\"12\">\n<div style=\"padding: 16px;\">\n<p>&nbsp;<\/p>\n<div style=\"display: flex; flex-direction: row; align-items: center;\">\n<div style=\"background-color: #f4f4f4; border-radius: 50%; flex-grow: 0; height: 40px; margin-right: 14px; width: 40px;\"><\/div>\n<div style=\"display: flex; flex-direction: column; flex-grow: 1; justify-content: center;\">\n<div style=\"background-color: #f4f4f4; border-radius: 4px; flex-grow: 0; height: 14px; margin-bottom: 6px; width: 100px;\"><\/div>\n<div style=\"background-color: #f4f4f4; border-radius: 4px; flex-grow: 0; height: 14px; width: 60px;\"><\/div>\n<\/div>\n<\/div>\n<div style=\"padding: 19% 0;\"><\/div>\n<div style=\"display: block; height: 50px; margin: 0 auto 12px; width: 50px;\"><\/div>\n<div style=\"padding-top: 8px;\">\n<div style=\"color: #3897f0; font-family: Arial,sans-serif; font-size: 14px; font-style: normal; font-weight: 550; line-height: 18px;\">View this post on Instagram<\/div>\n<\/div>\n<div style=\"padding: 12.5% 0;\"><\/div>\n<div style=\"display: flex; flex-direction: row; margin-bottom: 14px; align-items: center;\">\n<div>\n<div style=\"background-color: #f4f4f4; border-radius: 50%; height: 12.5px; width: 12.5px; transform: translateX(0px) translateY(7px);\"><\/div>\n<div style=\"background-color: #f4f4f4; height: 12.5px; transform: rotate(-45deg) translateX(3px) translateY(1px); width: 12.5px; flex-grow: 0; margin-right: 14px; margin-left: 2px;\"><\/div>\n<div style=\"background-color: #f4f4f4; border-radius: 50%; height: 12.5px; width: 12.5px; transform: translateX(9px) translateY(-18px);\"><\/div>\n<\/div>\n<div style=\"margin-left: 8px;\">\n<div style=\"background-color: #f4f4f4; border-radius: 50%; flex-grow: 0; height: 20px; width: 20px;\"><\/div>\n<div style=\"width: 0; height: 0; border-top: 2px solid transparent; border-left: 6px solid #f4f4f4; border-bottom: 2px solid transparent; transform: translateX(16px) translateY(-4px) rotate(30deg);\"><\/div>\n<\/div>\n<div style=\"margin-left: auto;\">\n<div style=\"width: 0px; border-top: 8px solid #F4F4F4; border-right: 8px solid transparent; transform: translateY(16px);\"><\/div>\n<div style=\"background-color: #f4f4f4; flex-grow: 0; height: 12px; width: 16px; transform: translateY(-4px);\"><\/div>\n<div style=\"width: 0; height: 0; border-top: 8px solid #F4F4F4; border-left: 8px solid transparent; transform: translateY(-4px) translateX(8px);\"><\/div>\n<\/div>\n<\/div>\n<div style=\"display: flex; flex-direction: column; flex-grow: 1; justify-content: center; margin-bottom: 24px;\">\n<div style=\"background-color: #f4f4f4; border-radius: 4px; flex-grow: 0; height: 14px; margin-bottom: 6px; width: 224px;\"><\/div>\n<div style=\"background-color: #f4f4f4; border-radius: 4px; flex-grow: 0; height: 14px; width: 144px;\"><\/div>\n<\/div>\n<p>&nbsp;<\/p>\n<p style=\"color: #c9c8cd; font-family: Arial,sans-serif; font-size: 14px; line-height: 17px; margin-bottom: 0; margin-top: 8px; overflow: hidden; padding: 8px 0 7px; text-align: center; text-overflow: ellipsis; white-space: nowrap;\"><a style=\"color: #c9c8cd; font-family: Arial,sans-serif; font-size: 14px; font-style: normal; font-weight: normal; line-height: 17px; text-decoration: none;\" href=\"https:\/\/www.instagram.com\/p\/BszbJ50n8EW\/?utm_source=ig_embed&utm_medium=loading\" target=\"_blank\" rel=\"noopener\">A post shared by Offical DAKU Page (@daku156)<\/a> on <time style=\"font-family: Arial,sans-serif; font-size: 14px; line-height: 17px;\" datetime=\"2019-01-19T05:01:18+00:00\">Jan 18, 2019 at 9:01pm PST<\/time><\/p>\n<\/div>\n<\/blockquote>\n<p><script async src=\"\/\/www.instagram.com\/embed.js\"><\/script><\/p>\n<p><strong>DAKU: <a href=\"https:\/\/www.facebook.com\/daku.onefivesix\" target=\"_blank\" rel=\"noopener\">Facebook<\/a> | <a href=\"https:\/\/www.instagram.com\/daku156\/\" target=\"_blank\" rel=\"noopener\">Instagram<\/a><\/strong><br \/>\nh\/t: [<a href=\"https:\/\/www.thisiscolossal.com\/2019\/01\/theory-of-time-by-daku\/\" target=\"_blank\" rel=\"noopener\">Colossal<\/a>]<\/p>\n<h4><em>Todas las im&aacute;genes v&iacute;a DAKU.<\/em><\/h4>\n<h2><span style=\"text-decoration: underline;\">Art&iacute;culos relacionados:<\/span><\/h2>\n<p><a href=\"https:\/\/mymodernmet.com\/es\/que-es-la-instalacion-historia-artistas\/\">Lo mejor de 2018: Las 10 instalaciones que definieron este a&ntilde;o<\/a><\/p>\n<p><a href=\"https:\/\/mymodernmet.com\/es\/cajas-luz-arte-papel-aline-maire\/\">Encantadoras cajas de luz con siluetas de papel dan vida a escenas &eacute;picas<\/a><\/p>\n<p><a href=\"https:\/\/mymodernmet.com\/es\/hybycozo-instalaciones-geometricas-entrevista\/\">Entrevista: El origen de las ic&oacute;nicas instalaciones geom&eacute;tricas de Burning Man<\/a><\/p>\n<p><a href=\"https:\/\/mymodernmet.com\/es\/el-seed-anamorphic-mural-cairo\/\">Descubre la incre&iacute;ble historia del artista que pint&oacute; un gigante mural en El Cairo<\/a><\/p>\n","protected":false},"excerpt":{"rendered":"<p>El artista callejero indio&nbsp;DAKU&nbsp;recientemente desvel&oacute; una instalaci&oacute;n de arte con sombras en Panjim, Goa. Titulada Theory of Time (&#8220;Teor&iacute;a del tiempo&#8221;) la incre&iacute;ble pieza se compone de una red suspendida sobre la calle con letras que proyectan sombras tipogr&aacute;ficas sobre el concreto al ser iluminadas por el sol. Las letras forman frases relacionadas con el [&hellip;]<\/p>\n","protected":false},"author":321,"featured_media":0,"comment_status":"closed","ping_status":"closed","sticky":false,"template":"","format":"standard","meta":{"_acf_changed":false,"om_disable_all_campaigns":false,"footnotes":""},"categories":[168394,168391],"tags":[53662,192352,211623,211624,211622,211620,169987,169988,211150,175992,175993,211621,211153,211625,181748],"class_list":["post-183151","post","type-post","status-publish","format-standard","hentry","category-arte-urbano","category-instalacion","tag-arte","tag-arte-callejero","tag-arte-callejero-de-sombras","tag-arte-callejero-sombras","tag-arte-con-sombras","tag-arte-de-sombras","tag-arte-publico","tag-arte-urbano","tag-goa","tag-instalacion","tag-instalacion-de-arte","tag-sombras","tag-theory-of-time","tag-tiempo","tag-tipografia"],"acf":[],"yoast_head":"<!-- This site is optimized with the Yoast SEO Premium plugin v26.6 (Yoast SEO v26.6) - https:\/\/yoast.com\/wordpress\/plugins\/seo\/ -->\n<title>Instalaci\u00f3n de arte de sombras en Goa visualiza el paso del tiempo<\/title>\n<meta name=\"description\" content=\"El artista callejero DAKU explora el paso del tiempo en su instalaci\u00f3n inmersiva de arte de sombras,\u00a0&#039;Theory of Time&#039;. La instalaci\u00f3n callejera se compone de una red con letras que, al ser iluminadas por el sol, producen sombras tipogr\u00e1ficas sobre el concreto.\" \/>\n<meta name=\"robots\" content=\"index, follow, max-snippet:-1, max-image-preview:large, max-video-preview:-1\" \/>\n<link rel=\"canonical\" href=\"https:\/\/mymodernmet.com\/es\/instalacion-arte-de-sombras-daku\/\" \/>\n<meta property=\"og:locale\" content=\"es_ES\" \/>\n<meta property=\"og:type\" content=\"article\" \/>\n<meta property=\"og:title\" content=\"La luz del sol proyecta mensajes sobre el paso del tiempo en esta instalaci\u00f3n callejera\" \/>\n<meta property=\"og:description\" content=\"&quot;El tiempo se mueve&quot;.\" \/>\n<meta property=\"og:url\" content=\"https:\/\/mymodernmet.com\/es\/instalacion-arte-de-sombras-daku\/\" \/>\n<meta property=\"og:site_name\" content=\"My Modern Met en Espa\u00f1ol\" \/>\n<meta property=\"article:publisher\" content=\"https:\/\/www.facebook.com\/mymodernmet\" \/>\n<meta property=\"article:published_time\" content=\"2019-01-24T13:45:58+00:00\" \/>\n<meta property=\"og:image\" content=\"https:\/\/mymodernmet.com\/wp\/wp-content\/uploads\/2019\/01\/shadow-art-installation-theory-of-time-daku-thumbnail.jpg\" \/>\n\t<meta property=\"og:image:width\" content=\"1200\" \/>\n\t<meta property=\"og:image:height\" content=\"628\" \/>\n\t<meta property=\"og:image:type\" content=\"image\/jpeg\" \/>\n<meta name=\"author\" content=\"Sof\u00eda Vargas\" \/>\n<meta name=\"twitter:card\" content=\"summary_large_image\" \/>\n<meta name=\"twitter:title\" content=\"La luz del sol proyecta mensajes sobre el paso del tiempo en esta instalaci\u00f3n callejera\" \/>\n<meta name=\"twitter:description\" content=\"&quot;El tiempo se mueve&quot;.\" \/>\n<meta name=\"twitter:image\" content=\"https:\/\/mymodernmet.com\/wp\/wp-content\/uploads\/2019\/01\/shadow-art-installation-theory-of-time-daku-thumbnail.jpg\" \/>\n<meta name=\"twitter:creator\" content=\"@mymodernmet\" \/>\n<meta name=\"twitter:site\" content=\"@mymodernmetes\" \/>\n<meta name=\"twitter:label1\" content=\"Written by\" \/>\n\t<meta name=\"twitter:data1\" content=\"Sof\u00eda Vargas\" \/>\n\t<meta name=\"twitter:label2\" content=\"Est. reading time\" \/>\n\t<meta name=\"twitter:data2\" content=\"2 minutes\" \/>\n<script type=\"application\/ld+json\" class=\"yoast-schema-graph\">{\"@context\":\"https:\/\/schema.org\",\"@graph\":[{\"@type\":\"Article\",\"@id\":\"https:\/\/mymodernmet.com\/es\/instalacion-arte-de-sombras-daku\/#article\",\"isPartOf\":{\"@id\":\"https:\/\/mymodernmet.com\/es\/instalacion-arte-de-sombras-daku\/\"},\"author\":{\"name\":\"Sof\u00eda Vargas\",\"@id\":\"https:\/\/mymodernmet.com\/es\/#\/schema\/person\/c7343a95a95535987ca78002582a8469\"},\"headline\":\"La luz del sol proyecta mensajes sobre el paso del tiempo en esta instalaci\u00f3n callejera\",\"datePublished\":\"2019-01-24T13:45:58+00:00\",\"mainEntityOfPage\":{\"@id\":\"https:\/\/mymodernmet.com\/es\/instalacion-arte-de-sombras-daku\/\"},\"wordCount\":380,\"publisher\":{\"@id\":\"https:\/\/mymodernmet.com\/es\/#organization\"},\"image\":{\"@id\":\"https:\/\/mymodernmet.com\/es\/instalacion-arte-de-sombras-daku\/#primaryimage\"},\"thumbnailUrl\":\"https:\/\/mymodernmet.com\/wp\/wp-content\/uploads\/2019\/01\/shadow-art-installation-theory-of-time-daku-6.jpg\",\"keywords\":[\"arte\",\"arte callejero\",\"arte callejero de sombras\",\"arte callejero sombras\",\"arte con sombras\",\"arte de sombras\",\"arte p\u00fablico\",\"arte urbano\",\"goa\",\"instalaci\u00f3n\",\"instalaci\u00f3n de arte\",\"sombras\",\"theory of time\",\"tiempo\",\"tipografia\"],\"articleSection\":[\"Arte urbano\",\"Instalaci\u00f3n\"],\"inLanguage\":\"es-ES\",\"copyrightYear\":\"2019\",\"copyrightHolder\":{\"@id\":\"https:\/\/mymodernmet.com\/#organization\"}},{\"@type\":\"WebPage\",\"@id\":\"https:\/\/mymodernmet.com\/es\/instalacion-arte-de-sombras-daku\/\",\"url\":\"https:\/\/mymodernmet.com\/es\/instalacion-arte-de-sombras-daku\/\",\"name\":\"Instalaci\u00f3n de arte de sombras en Goa visualiza el paso del tiempo\",\"isPartOf\":{\"@id\":\"https:\/\/mymodernmet.com\/es\/#website\"},\"primaryImageOfPage\":{\"@id\":\"https:\/\/mymodernmet.com\/es\/instalacion-arte-de-sombras-daku\/#primaryimage\"},\"image\":{\"@id\":\"https:\/\/mymodernmet.com\/es\/instalacion-arte-de-sombras-daku\/#primaryimage\"},\"thumbnailUrl\":\"https:\/\/mymodernmet.com\/wp\/wp-content\/uploads\/2019\/01\/shadow-art-installation-theory-of-time-daku-6.jpg\",\"datePublished\":\"2019-01-24T13:45:58+00:00\",\"description\":\"El artista callejero DAKU explora el paso del tiempo en su instalaci\u00f3n inmersiva de arte de sombras,\u00a0'Theory of Time'. La instalaci\u00f3n callejera se compone de una red con letras que, al ser iluminadas por el sol, producen sombras tipogr\u00e1ficas sobre el concreto.\",\"breadcrumb\":{\"@id\":\"https:\/\/mymodernmet.com\/es\/instalacion-arte-de-sombras-daku\/#breadcrumb\"},\"inLanguage\":\"es-ES\",\"potentialAction\":[{\"@type\":\"ReadAction\",\"target\":[\"https:\/\/mymodernmet.com\/es\/instalacion-arte-de-sombras-daku\/\"]}]},{\"@type\":\"ImageObject\",\"inLanguage\":\"es-ES\",\"@id\":\"https:\/\/mymodernmet.com\/es\/instalacion-arte-de-sombras-daku\/#primaryimage\",\"url\":\"https:\/\/mymodernmet.com\/wp\/wp-content\/uploads\/2019\/01\/shadow-art-installation-theory-of-time-daku-6.jpg\",\"contentUrl\":\"https:\/\/mymodernmet.com\/wp\/wp-content\/uploads\/2019\/01\/shadow-art-installation-theory-of-time-daku-6.jpg\"},{\"@type\":\"BreadcrumbList\",\"@id\":\"https:\/\/mymodernmet.com\/es\/instalacion-arte-de-sombras-daku\/#breadcrumb\",\"itemListElement\":[{\"@type\":\"ListItem\",\"position\":1,\"name\":\"Home\",\"item\":\"https:\/\/mymodernmet.com\/es\/\"},{\"@type\":\"ListItem\",\"position\":2,\"name\":\"Arte\",\"item\":\"https:\/\/mymodernmet.com\/es\/category\/arte\/\"},{\"@type\":\"ListItem\",\"position\":3,\"name\":\"Instalaci\u00f3n\",\"item\":\"https:\/\/mymodernmet.com\/es\/category\/arte\/instalacion\/\"},{\"@type\":\"ListItem\",\"position\":4,\"name\":\"La luz del sol proyecta mensajes sobre el paso del tiempo en esta instalaci\u00f3n callejera\"}]},{\"@type\":\"WebSite\",\"@id\":\"https:\/\/mymodernmet.com\/es\/#website\",\"url\":\"https:\/\/mymodernmet.com\/es\/\",\"name\":\"My Modern Met\",\"description\":\"The Big City That Celebrates Creative Ideas\",\"publisher\":{\"@id\":\"https:\/\/mymodernmet.com\/es\/#organization\"},\"alternateName\":\"My Modern Met\",\"potentialAction\":[{\"@type\":\"SearchAction\",\"target\":{\"@type\":\"EntryPoint\",\"urlTemplate\":\"https:\/\/mymodernmet.com\/es\/?s={search_term_string}\"},\"query-input\":{\"@type\":\"PropertyValueSpecification\",\"valueRequired\":true,\"valueName\":\"search_term_string\"}}],\"inLanguage\":\"es-ES\"},{\"@type\":\"Organization\",\"@id\":\"https:\/\/mymodernmet.com\/es\/#organization\",\"name\":\"My Modern Met\",\"alternateName\":\"My Modern Met\",\"url\":\"https:\/\/mymodernmet.com\/es\/\",\"logo\":{\"@type\":\"ImageObject\",\"inLanguage\":\"es-ES\",\"@id\":\"https:\/\/mymodernmet.com\/es\/#\/schema\/logo\/image\/\",\"url\":\"https:\/\/mymodernmet.com\/wp\/wp-content\/uploads\/2016\/12\/tumblr-logo.jpg\",\"contentUrl\":\"https:\/\/mymodernmet.com\/wp\/wp-content\/uploads\/2016\/12\/tumblr-logo.jpg\",\"width\":600,\"height\":600,\"caption\":\"My Modern Met\"},\"image\":{\"@id\":\"https:\/\/mymodernmet.com\/es\/#\/schema\/logo\/image\/\"},\"sameAs\":[\"https:\/\/www.facebook.com\/mymodernmet\",\"https:\/\/x.com\/mymodernmet\",\"https:\/\/www.instagram.com\/mymodernmet\/\",\"https:\/\/www.linkedin.com\/company\/3811009?trk=tyah&amp;amp;amp;trkInfo=clickedVertical:company,clickedEntityId:3811009,idx:2-1-2,tarId:1484473853378,tas:my modern\",\"https:\/\/www.pinterest.com\/mymodernmet\/\",\"https:\/\/www.youtube.com\/channel\/UCmiC4DC-xa6rqVJeNiRWDcQ\"]},{\"@type\":\"Person\",\"@id\":\"https:\/\/mymodernmet.com\/es\/#\/schema\/person\/c7343a95a95535987ca78002582a8469\",\"name\":\"Sof\u00eda Vargas\",\"image\":{\"@type\":\"ImageObject\",\"inLanguage\":\"es-ES\",\"@id\":\"https:\/\/mymodernmet.com\/es\/#\/schema\/person\/image\/\",\"url\":\"https:\/\/secure.gravatar.com\/avatar\/f375c5ddc7178427184ea841b568be24f572cf208b3967df546a112377f8c927?s=96&d=mm&r=g\",\"contentUrl\":\"https:\/\/secure.gravatar.com\/avatar\/f375c5ddc7178427184ea841b568be24f572cf208b3967df546a112377f8c927?s=96&d=mm&r=g\",\"caption\":\"Sof\u00eda Vargas\"},\"description\":\"Sof\u00eda Vargas es redactora en espa\u00f1ol para My Modern Met. Originaria de la Ciudad de M\u00e9xico, es licenciada en Lenguas Modernas y tiene un M\u00e1ster en Gesti\u00f3n Cultural por la Universidad Carlos III de Madrid. A lo largo de su carrera ha trabajado para varias instituciones culturales y ferias de arte en M\u00e9xico. Adem\u00e1s de escribir, Sof\u00eda dedica su tiempo a explorar otras pr\u00e1cticas art\u00edsticas, como la cer\u00e1mica y la ilustraci\u00f3n.\",\"sameAs\":[\"sofia@mymodernmet.com\"],\"url\":\"https:\/\/mymodernmet.com\/es\/author\/sofia\/\"}]}<\/script>\n<!-- \/ Yoast SEO Premium plugin. -->","yoast_head_json":{"title":"Instalaci\u00f3n de arte de sombras en Goa visualiza el paso del tiempo","description":"El artista callejero DAKU explora el paso del tiempo en su instalaci\u00f3n inmersiva de arte de sombras,\u00a0'Theory of Time'. La instalaci\u00f3n callejera se compone de una red con letras que, al ser iluminadas por el sol, producen sombras tipogr\u00e1ficas sobre el concreto.","robots":{"index":"index","follow":"follow","max-snippet":"max-snippet:-1","max-image-preview":"max-image-preview:large","max-video-preview":"max-video-preview:-1"},"canonical":"https:\/\/mymodernmet.com\/es\/instalacion-arte-de-sombras-daku\/","og_locale":"es_ES","og_type":"article","og_title":"La luz del sol proyecta mensajes sobre el paso del tiempo en esta instalaci\u00f3n callejera","og_description":"\"El tiempo se mueve\".","og_url":"https:\/\/mymodernmet.com\/es\/instalacion-arte-de-sombras-daku\/","og_site_name":"My Modern Met en Espa\u00f1ol","article_publisher":"https:\/\/www.facebook.com\/mymodernmet","article_published_time":"2019-01-24T13:45:58+00:00","og_image":[{"width":1200,"height":628,"url":"https:\/\/mymodernmet.com\/wp\/wp-content\/uploads\/2019\/01\/shadow-art-installation-theory-of-time-daku-thumbnail.jpg","type":"image\/jpeg"}],"author":"Sof\u00eda Vargas","twitter_card":"summary_large_image","twitter_title":"La luz del sol proyecta mensajes sobre el paso del tiempo en esta instalaci\u00f3n callejera","twitter_description":"\"El tiempo se mueve\".","twitter_image":"https:\/\/mymodernmet.com\/wp\/wp-content\/uploads\/2019\/01\/shadow-art-installation-theory-of-time-daku-thumbnail.jpg","twitter_creator":"@mymodernmet","twitter_site":"@mymodernmetes","twitter_misc":{"Written by":"Sof\u00eda Vargas","Est. reading time":"2 minutes"},"schema":{"@context":"https:\/\/schema.org","@graph":[{"@type":"Article","@id":"https:\/\/mymodernmet.com\/es\/instalacion-arte-de-sombras-daku\/#article","isPartOf":{"@id":"https:\/\/mymodernmet.com\/es\/instalacion-arte-de-sombras-daku\/"},"author":{"name":"Sof\u00eda Vargas","@id":"https:\/\/mymodernmet.com\/es\/#\/schema\/person\/c7343a95a95535987ca78002582a8469"},"headline":"La luz del sol proyecta mensajes sobre el paso del tiempo en esta instalaci\u00f3n callejera","datePublished":"2019-01-24T13:45:58+00:00","mainEntityOfPage":{"@id":"https:\/\/mymodernmet.com\/es\/instalacion-arte-de-sombras-daku\/"},"wordCount":380,"publisher":{"@id":"https:\/\/mymodernmet.com\/es\/#organization"},"image":{"@id":"https:\/\/mymodernmet.com\/es\/instalacion-arte-de-sombras-daku\/#primaryimage"},"thumbnailUrl":"https:\/\/mymodernmet.com\/wp\/wp-content\/uploads\/2019\/01\/shadow-art-installation-theory-of-time-daku-6.jpg","keywords":["arte","arte callejero","arte callejero de sombras","arte callejero sombras","arte con sombras","arte de sombras","arte p\u00fablico","arte urbano","goa","instalaci\u00f3n","instalaci\u00f3n de arte","sombras","theory of time","tiempo","tipografia"],"articleSection":["Arte urbano","Instalaci\u00f3n"],"inLanguage":"es-ES","copyrightYear":"2019","copyrightHolder":{"@id":"https:\/\/mymodernmet.com\/#organization"}},{"@type":"WebPage","@id":"https:\/\/mymodernmet.com\/es\/instalacion-arte-de-sombras-daku\/","url":"https:\/\/mymodernmet.com\/es\/instalacion-arte-de-sombras-daku\/","name":"Instalaci\u00f3n de arte de sombras en Goa visualiza el paso del tiempo","isPartOf":{"@id":"https:\/\/mymodernmet.com\/es\/#website"},"primaryImageOfPage":{"@id":"https:\/\/mymodernmet.com\/es\/instalacion-arte-de-sombras-daku\/#primaryimage"},"image":{"@id":"https:\/\/mymodernmet.com\/es\/instalacion-arte-de-sombras-daku\/#primaryimage"},"thumbnailUrl":"https:\/\/mymodernmet.com\/wp\/wp-content\/uploads\/2019\/01\/shadow-art-installation-theory-of-time-daku-6.jpg","datePublished":"2019-01-24T13:45:58+00:00","description":"El artista callejero DAKU explora el paso del tiempo en su instalaci\u00f3n inmersiva de arte de sombras,\u00a0'Theory of Time'. La instalaci\u00f3n callejera se compone de una red con letras que, al ser iluminadas por el sol, producen sombras tipogr\u00e1ficas sobre el concreto.","breadcrumb":{"@id":"https:\/\/mymodernmet.com\/es\/instalacion-arte-de-sombras-daku\/#breadcrumb"},"inLanguage":"es-ES","potentialAction":[{"@type":"ReadAction","target":["https:\/\/mymodernmet.com\/es\/instalacion-arte-de-sombras-daku\/"]}]},{"@type":"ImageObject","inLanguage":"es-ES","@id":"https:\/\/mymodernmet.com\/es\/instalacion-arte-de-sombras-daku\/#primaryimage","url":"https:\/\/mymodernmet.com\/wp\/wp-content\/uploads\/2019\/01\/shadow-art-installation-theory-of-time-daku-6.jpg","contentUrl":"https:\/\/mymodernmet.com\/wp\/wp-content\/uploads\/2019\/01\/shadow-art-installation-theory-of-time-daku-6.jpg"},{"@type":"BreadcrumbList","@id":"https:\/\/mymodernmet.com\/es\/instalacion-arte-de-sombras-daku\/#breadcrumb","itemListElement":[{"@type":"ListItem","position":1,"name":"Home","item":"https:\/\/mymodernmet.com\/es\/"},{"@type":"ListItem","position":2,"name":"Arte","item":"https:\/\/mymodernmet.com\/es\/category\/arte\/"},{"@type":"ListItem","position":3,"name":"Instalaci\u00f3n","item":"https:\/\/mymodernmet.com\/es\/category\/arte\/instalacion\/"},{"@type":"ListItem","position":4,"name":"La luz del sol proyecta mensajes sobre el paso del tiempo en esta instalaci\u00f3n callejera"}]},{"@type":"WebSite","@id":"https:\/\/mymodernmet.com\/es\/#website","url":"https:\/\/mymodernmet.com\/es\/","name":"My Modern Met","description":"The Big City That Celebrates Creative Ideas","publisher":{"@id":"https:\/\/mymodernmet.com\/es\/#organization"},"alternateName":"My Modern Met","potentialAction":[{"@type":"SearchAction","target":{"@type":"EntryPoint","urlTemplate":"https:\/\/mymodernmet.com\/es\/?s={search_term_string}"},"query-input":{"@type":"PropertyValueSpecification","valueRequired":true,"valueName":"search_term_string"}}],"inLanguage":"es-ES"},{"@type":"Organization","@id":"https:\/\/mymodernmet.com\/es\/#organization","name":"My Modern Met","alternateName":"My Modern Met","url":"https:\/\/mymodernmet.com\/es\/","logo":{"@type":"ImageObject","inLanguage":"es-ES","@id":"https:\/\/mymodernmet.com\/es\/#\/schema\/logo\/image\/","url":"https:\/\/mymodernmet.com\/wp\/wp-content\/uploads\/2016\/12\/tumblr-logo.jpg","contentUrl":"https:\/\/mymodernmet.com\/wp\/wp-content\/uploads\/2016\/12\/tumblr-logo.jpg","width":600,"height":600,"caption":"My Modern Met"},"image":{"@id":"https:\/\/mymodernmet.com\/es\/#\/schema\/logo\/image\/"},"sameAs":["https:\/\/www.facebook.com\/mymodernmet","https:\/\/x.com\/mymodernmet","https:\/\/www.instagram.com\/mymodernmet\/","https:\/\/www.linkedin.com\/company\/3811009?trk=tyah&amp;amp;amp;trkInfo=clickedVertical:company,clickedEntityId:3811009,idx:2-1-2,tarId:1484473853378,tas:my modern","https:\/\/www.pinterest.com\/mymodernmet\/","https:\/\/www.youtube.com\/channel\/UCmiC4DC-xa6rqVJeNiRWDcQ"]},{"@type":"Person","@id":"https:\/\/mymodernmet.com\/es\/#\/schema\/person\/c7343a95a95535987ca78002582a8469","name":"Sof\u00eda Vargas","image":{"@type":"ImageObject","inLanguage":"es-ES","@id":"https:\/\/mymodernmet.com\/es\/#\/schema\/person\/image\/","url":"https:\/\/secure.gravatar.com\/avatar\/f375c5ddc7178427184ea841b568be24f572cf208b3967df546a112377f8c927?s=96&d=mm&r=g","contentUrl":"https:\/\/secure.gravatar.com\/avatar\/f375c5ddc7178427184ea841b568be24f572cf208b3967df546a112377f8c927?s=96&d=mm&r=g","caption":"Sof\u00eda Vargas"},"description":"Sof\u00eda Vargas es redactora en espa\u00f1ol para My Modern Met. Originaria de la Ciudad de M\u00e9xico, es licenciada en Lenguas Modernas y tiene un M\u00e1ster en Gesti\u00f3n Cultural por la Universidad Carlos III de Madrid. A lo largo de su carrera ha trabajado para varias instituciones culturales y ferias de arte en M\u00e9xico. Adem\u00e1s de escribir, Sof\u00eda dedica su tiempo a explorar otras pr\u00e1cticas art\u00edsticas, como la cer\u00e1mica y la ilustraci\u00f3n.","sameAs":["sofia@mymodernmet.com"],"url":"https:\/\/mymodernmet.com\/es\/author\/sofia\/"}]}},"_links":{"self":[{"href":"https:\/\/mymodernmet.com\/es\/wp-json\/wp\/v2\/posts\/183151","targetHints":{"allow":["GET"]}}],"collection":[{"href":"https:\/\/mymodernmet.com\/es\/wp-json\/wp\/v2\/posts"}],"about":[{"href":"https:\/\/mymodernmet.com\/es\/wp-json\/wp\/v2\/types\/post"}],"author":[{"embeddable":true,"href":"https:\/\/mymodernmet.com\/es\/wp-json\/wp\/v2\/users\/321"}],"replies":[{"embeddable":true,"href":"https:\/\/mymodernmet.com\/es\/wp-json\/wp\/v2\/comments?post=183151"}],"version-history":[{"count":3,"href":"https:\/\/mymodernmet.com\/es\/wp-json\/wp\/v2\/posts\/183151\/revisions"}],"predecessor-version":[{"id":183163,"href":"https:\/\/mymodernmet.com\/es\/wp-json\/wp\/v2\/posts\/183151\/revisions\/183163"}],"wp:attachment":[{"href":"https:\/\/mymodernmet.com\/es\/wp-json\/wp\/v2\/media?parent=183151"}],"wp:term":[{"taxonomy":"category","embeddable":true,"href":"https:\/\/mymodernmet.com\/es\/wp-json\/wp\/v2\/categories?post=183151"},{"taxonomy":"post_tag","embeddable":true,"href":"https:\/\/mymodernmet.com\/es\/wp-json\/wp\/v2\/tags?post=183151"}],"curies":[{"name":"wp","href":"https:\/\/api.w.org\/{rel}","templated":true}]}}