{"id":186341,"date":"2011-07-08T00:00:00","date_gmt":"2011-07-08T04:00:00","guid":{"rendered":"https:\/\/mymodernmet.com\/3d-grass-globe-at-paris-city\/"},"modified":"2019-02-21T00:19:01","modified_gmt":"2019-02-21T05:19:01","slug":"globo-3d-ayuntamiento-paris","status":"publish","type":"post","link":"https:\/\/mymodernmet.com\/es\/globo-3d-ayuntamiento-paris\/","title":{"rendered":"Instalaci\u00f3n coloca un globo tridimensional de c\u00e9sped en medio del Ayuntamiento de Par\u00eds"},"content":{"rendered":"<p><noscript><img decoding=\"async\" class=\"lazyload alignnone\" src=\"\/wp\/wp-content\/uploads\/archive\/bXbRJFYCeIhqqnnz5SJc_1082072532.jpeg\" alt=\"globo instalaci&oacute;n ayuntamiento de par&iacute;s\" width=\"721\" height=\"501\"><\/noscript><img decoding=\"async\" class=\"lazyload alignnone\" src=\"data:image\/svg+xml,&lt;svg xmlns=&quot;http:\/\/www.w3.org\/2000\/svg&quot; viewBox=&quot;0 0 721 501&quot;&gt;&lt;\/svg&gt;\" data-src=\"\/wp\/wp-content\/uploads\/archive\/bXbRJFYCeIhqqnnz5SJc_1082072532.jpeg\" alt=\"globo instalaci&oacute;n ayuntamiento de par&iacute;s\" width=\"721\" height=\"501\"><\/p>\n<p>La instalaci&oacute;n del artista Fran&ccedil;ois Ab&eacute;lanet en el Ayuntamiento de Par&iacute;s seguramente te har&aacute; mirar dos veces. Visto de frente, parece ser que un enorme globo tridimensional de c&eacute;sped, con todo y &aacute;rboles, ha invadido la explanada del ayuntamiento. Sin embargo, cuando se mira desde diferentes &aacute;ngulos la ilusi&oacute;n se desmorona r&aacute;pidamente.<\/p>\n<p>&iquest;Deber&iacute;as creerle a tus ojos? La instalaci&oacute;n ocupa un espacio de 1,500 metros cuadrados y mide 100 metros de largo. Aproximadamente 90 jardineros trabajaron durante cinco d&iacute;as para montar la pieza.<\/p>\n<p>El comunicado de prensa oficial afirma que la instalaci&oacute;n &ldquo;cuestiona la relaci&oacute;n entre la ciudad y la naturaleza, as&iacute; como su dif&iacute;cil coexistencia&rdquo;.<\/p>\n<p><noscript><img decoding=\"async\" class=\"lazyload alignnone\" src=\"\/wp\/wp-content\/uploads\/archive\/EwPVxKEvNGBaZUG3oSfV_1082072558.jpeg\" alt=\"globo ayuntamiento de par&iacute;s\" width=\"721\" height=\"479\"><\/noscript><img decoding=\"async\" class=\"lazyload alignnone\" src=\"data:image\/svg+xml,&lt;svg xmlns=&quot;http:\/\/www.w3.org\/2000\/svg&quot; viewBox=&quot;0 0 721 479&quot;&gt;&lt;\/svg&gt;\" data-src=\"\/wp\/wp-content\/uploads\/archive\/EwPVxKEvNGBaZUG3oSfV_1082072558.jpeg\" alt=\"globo ayuntamiento de par&iacute;s\" width=\"721\" height=\"479\"><\/p>\n<p><noscript><img decoding=\"async\" class=\"lazyload alignnone\" src=\"\/wp\/wp-content\/uploads\/archive\/gtJpO2N0C8FSXrmMzF86_1082072570.jpeg\" alt=\"instalaci&oacute;n ayuntamiento de par&iacute;s\" width=\"721\" height=\"479\"><\/noscript><img decoding=\"async\" class=\"lazyload alignnone\" src=\"data:image\/svg+xml,&lt;svg xmlns=&quot;http:\/\/www.w3.org\/2000\/svg&quot; viewBox=&quot;0 0 721 479&quot;&gt;&lt;\/svg&gt;\" data-src=\"\/wp\/wp-content\/uploads\/archive\/gtJpO2N0C8FSXrmMzF86_1082072570.jpeg\" alt=\"instalaci&oacute;n ayuntamiento de par&iacute;s\" width=\"721\" height=\"479\"><\/p>\n<div style=\"width: 731px\" class=\"wp-caption alignnone\"><noscript><img decoding=\"async\" class=\"lazyload\" src=\"\/wp\/wp-content\/uploads\/archive\/aZGUvY2PCcYjv97X932S_1082072589.jpeg\" alt=\"instalaci&oacute;n ayuntamiento de par&iacute;s\" width=\"721\" height=\"498\"><\/noscript><img decoding=\"async\" class=\"lazyload\" src=\"data:image\/svg+xml,&lt;svg xmlns=&quot;http:\/\/www.w3.org\/2000\/svg&quot; viewBox=&quot;0 0 721 498&quot;&gt;&lt;\/svg&gt;\" data-src=\"\/wp\/wp-content\/uploads\/archive\/aZGUvY2PCcYjv97X932S_1082072589.jpeg\" alt=\"instalaci&oacute;n ayuntamiento de par&iacute;s\" width=\"721\" height=\"498\"><p class=\"wp-caption-text\">Vista lateral que muestra la forma real<\/p><\/div>\n<p><noscript><img decoding=\"async\" class=\"lazyload alignnone\" src=\"\/wp\/wp-content\/uploads\/archive\/5cnmLBd0GarORW4S-mU0_1082072616.jpeg\" alt=\"instalaci&oacute;n ayuntamiento de par&iacute;s\" width=\"721\" height=\"479\"><\/noscript><img decoding=\"async\" class=\"lazyload alignnone\" src=\"data:image\/svg+xml,&lt;svg xmlns=&quot;http:\/\/www.w3.org\/2000\/svg&quot; viewBox=&quot;0 0 721 479&quot;&gt;&lt;\/svg&gt;\" data-src=\"\/wp\/wp-content\/uploads\/archive\/5cnmLBd0GarORW4S-mU0_1082072616.jpeg\" alt=\"instalaci&oacute;n ayuntamiento de par&iacute;s\" width=\"721\" height=\"479\"><\/p>\n<p><noscript><img decoding=\"async\" class=\"lazyload alignnone\" src=\"\/wp\/wp-content\/uploads\/archive\/xdQgO1YBHu7L3CzKQIWf_1082072634.jpeg\" alt=\"instalaci&oacute;n ayuntamiento de par&iacute;s\" width=\"721\" height=\"479\"><\/noscript><img decoding=\"async\" class=\"lazyload alignnone\" src=\"data:image\/svg+xml,&lt;svg xmlns=&quot;http:\/\/www.w3.org\/2000\/svg&quot; viewBox=&quot;0 0 721 479&quot;&gt;&lt;\/svg&gt;\" data-src=\"\/wp\/wp-content\/uploads\/archive\/xdQgO1YBHu7L3CzKQIWf_1082072634.jpeg\" alt=\"instalaci&oacute;n ayuntamiento de par&iacute;s\" width=\"721\" height=\"479\"><\/p>\n<div style=\"width: 731px\" class=\"wp-caption alignnone\"><noscript><img decoding=\"async\" class=\"lazyload\" src=\"\/wp\/wp-content\/uploads\/archive\/v8LqxHAJiCayX-CJvdkT_1082072662.jpeg\" alt=\"instalaci&oacute;n ayuntamiento de par&iacute;s\" width=\"721\" height=\"486\"><\/noscript><img decoding=\"async\" class=\"lazyload\" src=\"data:image\/svg+xml,&lt;svg xmlns=&quot;http:\/\/www.w3.org\/2000\/svg&quot; viewBox=&quot;0 0 721 486&quot;&gt;&lt;\/svg&gt;\" data-src=\"\/wp\/wp-content\/uploads\/archive\/v8LqxHAJiCayX-CJvdkT_1082072662.jpeg\" alt=\"instalaci&oacute;n ayuntamiento de par&iacute;s\" width=\"721\" height=\"486\"><p class=\"wp-caption-text\">Cinco d&iacute;as de instalaci&oacute;n<\/p><\/div>\n<div style=\"width: 731px\" class=\"wp-caption alignnone\"><noscript><img decoding=\"async\" class=\"lazyload\" src=\"\/wp\/wp-content\/uploads\/archive\/XgV52pLQLsZSbRcwiwwj_1082072668.jpeg\" alt=\"instalaci&oacute;n ayuntamiento de par&iacute;s\" width=\"721\" height=\"383\"><\/noscript><img decoding=\"async\" class=\"lazyload\" src=\"data:image\/svg+xml,&lt;svg xmlns=&quot;http:\/\/www.w3.org\/2000\/svg&quot; viewBox=&quot;0 0 721 383&quot;&gt;&lt;\/svg&gt;\" data-src=\"\/wp\/wp-content\/uploads\/archive\/XgV52pLQLsZSbRcwiwwj_1082072668.jpeg\" alt=\"instalaci&oacute;n ayuntamiento de par&iacute;s\" width=\"721\" height=\"383\"><p class=\"wp-caption-text\">Vista a&eacute;rea del proceso de instalaci&oacute;n<\/p><\/div>\n<p><noscript><img decoding=\"async\" class=\"lazyload alignnone\" src=\"\/wp\/wp-content\/uploads\/archive\/GaYaSwkJ6nl78KOuDRZa_1082072680.jpeg\" alt=\"globo ayuntamiento de par&iacute;s\" width=\"721\" height=\"479\"><\/noscript><img decoding=\"async\" class=\"lazyload alignnone\" src=\"data:image\/svg+xml,&lt;svg xmlns=&quot;http:\/\/www.w3.org\/2000\/svg&quot; viewBox=&quot;0 0 721 479&quot;&gt;&lt;\/svg&gt;\" data-src=\"\/wp\/wp-content\/uploads\/archive\/GaYaSwkJ6nl78KOuDRZa_1082072680.jpeg\" alt=\"globo ayuntamiento de par&iacute;s\" width=\"721\" height=\"479\"><br \/>\nCr&eacute;ditos: <a href=\"https:\/\/picasaweb.google.com\/parisnumerique3\/UnJardinEphemereEnConstructionSurLeParvisDeLHotelDeVille\" target=\"_blank\" rel=\"noopener\">Mairie de Paris \/ Deborah Lesage<\/a><br \/>\nv&iacute;a [<a href=\"http:\/\/www.paris.fr\/accueil\/accueil-paris-fr\/une-anamorphose-vegetale-parvis-de-l-hotel-de-ville\/rub_1_actu_102431_port_24329\" target=\"_blank\" rel=\"noopener\">Paris<\/a>,&nbsp;<a href=\"http:\/\/www.designboom.com\/weblog\/cat\/10\/view\/15574\/francois-abelanet-quoi-croire-optical-illusion-land-art.html\" target=\"_blank\" rel=\"noopener\">Designboom<\/a>, <a href=\"http:\/\/gizmodo.com\/5818835\/how-a-parisian-artist-created-this-stunning-optical-illusion\" target=\"_blank\" rel=\"noopener\">Gizmodo<\/a>]<\/p>\n<h2><span style=\"text-decoration: underline;\">Art&iacute;culos relacionados:<\/span><\/h2>\n<p><a href=\"https:\/\/mymodernmet.com\/es\/ilusion-optica-piso-ceramica\/\">Una ilusi&oacute;n &oacute;ptica hace que este pasillo parezca hundirse<\/a><\/p>\n<p><a href=\"https:\/\/mymodernmet.com\/es\/von-wong-pajillas-de-plastico\/\">Ola de 3 metros de altura hecha con 168,000 pajillas visualiza nuestro problema con el pl&aacute;stico<\/a><\/p>\n<p><a href=\"https:\/\/mymodernmet.com\/es\/instalacion-arte-de-sombras-daku\/\">La luz del sol proyecta mensajes sobre el paso del tiempo en esta instalaci&oacute;n callejera<\/a><\/p>\n","protected":false},"excerpt":{"rendered":"<p>La instalaci&oacute;n del artista Fran&ccedil;ois Ab&eacute;lanet en el Ayuntamiento de Par&iacute;s seguramente te har&aacute; mirar dos veces. Visto de frente, parece ser que un enorme globo tridimensional de c&eacute;sped, con todo y &aacute;rboles, ha invadido la explanada del ayuntamiento. Sin embargo, cuando se mira desde diferentes &aacute;ngulos la ilusi&oacute;n se desmorona r&aacute;pidamente. &iquest;Deber&iacute;as creerle a [&hellip;]<\/p>\n","protected":false},"author":321,"featured_media":0,"comment_status":"closed","ping_status":"closed","sticky":false,"template":"","format":"standard","meta":{"_acf_changed":false,"om_disable_all_campaigns":false,"footnotes":""},"categories":[168394],"tags":[192352,215629,215628,215626,215630,215627,180773],"class_list":["post-186341","post","type-post","status-publish","format-standard","hentry","category-arte-urbano","tag-arte-callejero","tag-ayuntamiento-de-paris","tag-globo-tridimensional","tag-globo-tridimensional-ayuntamiento-paris","tag-globo-tridimensional-cesped","tag-instalacion-ayuntamiento-paris","tag-paris-es"],"acf":[],"yoast_head":"<!-- This site is optimized with the Yoast SEO Premium plugin v26.6 (Yoast SEO v26.6) - https:\/\/yoast.com\/wordpress\/plugins\/seo\/ -->\n<title>Globo tridimensional de c\u00e9sped invade el Ayuntamiento de Par\u00eds<\/title>\n<meta name=\"description\" content=\"La instalaci\u00f3n del artista Fran\u00e7ois Ab\u00e9lanet en el Ayuntamiento de Par\u00eds seguramente te har\u00e1 mirar dos veces. Visto de frente, parece ser que un enorme globo tridimensional de c\u00e9sped, con todo y \u00e1rboles, ha invadido la explanada del ayuntamiento. Pero, \u00bfdeber\u00edas de creerle a tus ojos?\" \/>\n<meta name=\"robots\" content=\"index, follow, max-snippet:-1, max-image-preview:large, max-video-preview:-1\" \/>\n<link rel=\"canonical\" href=\"https:\/\/mymodernmet.com\/es\/globo-3d-ayuntamiento-paris\/\" \/>\n<meta property=\"og:locale\" content=\"es_ES\" \/>\n<meta property=\"og:type\" content=\"article\" \/>\n<meta property=\"og:title\" content=\"Instalaci\u00f3n coloca un globo tridimensional de c\u00e9sped en medio del Ayuntamiento de Par\u00eds\" \/>\n<meta property=\"og:description\" content=\"Esta instalaci\u00f3n del artista Fran\u00e7ois Ab\u00e9lanet seguramente te har\u00e1 mirar dos veces.\" \/>\n<meta property=\"og:url\" content=\"https:\/\/mymodernmet.com\/es\/globo-3d-ayuntamiento-paris\/\" \/>\n<meta property=\"og:site_name\" content=\"My Modern Met en Espa\u00f1ol\" \/>\n<meta property=\"article:publisher\" content=\"https:\/\/www.facebook.com\/mymodernmet\" \/>\n<meta property=\"article:published_time\" content=\"2011-07-08T04:00:00+00:00\" \/>\n<meta property=\"article:modified_time\" content=\"2019-02-21T05:19:01+00:00\" \/>\n<meta property=\"og:image\" content=\"https:\/\/mymodernmet.com\/wp\/wp-content\/uploads\/2024\/12\/My-Modern-Met-Screenshot-homepage.jpeg\" \/>\n\t<meta property=\"og:image:width\" content=\"1200\" \/>\n\t<meta property=\"og:image:height\" content=\"675\" \/>\n\t<meta property=\"og:image:type\" content=\"image\/jpeg\" \/>\n<meta name=\"author\" content=\"Sof\u00eda Vargas\" \/>\n<meta name=\"twitter:card\" content=\"summary_large_image\" \/>\n<meta name=\"twitter:title\" content=\"Instalaci\u00f3n coloca un globo tridimensional de c\u00e9sped en medio del Ayuntamiento de Par\u00eds\" \/>\n<meta name=\"twitter:description\" content=\"Esta instalaci\u00f3n del artista Fran\u00e7ois Ab\u00e9lanet seguramente te har\u00e1 mirar dos veces.\" \/>\n<meta name=\"twitter:creator\" content=\"@mymodernmet\" \/>\n<meta name=\"twitter:site\" content=\"@mymodernmetes\" \/>\n<meta name=\"twitter:label1\" content=\"Written by\" \/>\n\t<meta name=\"twitter:data1\" content=\"Sof\u00eda Vargas\" \/>\n\t<meta name=\"twitter:label2\" content=\"Est. reading time\" \/>\n\t<meta name=\"twitter:data2\" content=\"1 minute\" \/>\n<script type=\"application\/ld+json\" class=\"yoast-schema-graph\">{\"@context\":\"https:\/\/schema.org\",\"@graph\":[{\"@type\":\"Article\",\"@id\":\"https:\/\/mymodernmet.com\/es\/globo-3d-ayuntamiento-paris\/#article\",\"isPartOf\":{\"@id\":\"https:\/\/mymodernmet.com\/es\/globo-3d-ayuntamiento-paris\/\"},\"author\":{\"name\":\"Sof\u00eda Vargas\",\"@id\":\"https:\/\/mymodernmet.com\/es\/#\/schema\/person\/c7343a95a95535987ca78002582a8469\"},\"headline\":\"Instalaci\u00f3n coloca un globo tridimensional de c\u00e9sped en medio del Ayuntamiento de Par\u00eds\",\"datePublished\":\"2011-07-08T04:00:00+00:00\",\"dateModified\":\"2019-02-21T05:19:01+00:00\",\"mainEntityOfPage\":{\"@id\":\"https:\/\/mymodernmet.com\/es\/globo-3d-ayuntamiento-paris\/\"},\"wordCount\":227,\"publisher\":{\"@id\":\"https:\/\/mymodernmet.com\/es\/#organization\"},\"keywords\":[\"arte callejero\",\"Ayuntamiento de Par\u00eds\",\"globo tridimensional\",\"globo tridimensional ayuntamiento par\u00eds\",\"globo tridimensional c\u00e9sped\",\"instalaci\u00f3n ayuntamiento par\u00eds\",\"paris\"],\"articleSection\":[\"Arte urbano\"],\"inLanguage\":\"es-ES\",\"copyrightYear\":\"2011\",\"copyrightHolder\":{\"@id\":\"https:\/\/mymodernmet.com\/#organization\"}},{\"@type\":\"WebPage\",\"@id\":\"https:\/\/mymodernmet.com\/es\/globo-3d-ayuntamiento-paris\/\",\"url\":\"https:\/\/mymodernmet.com\/es\/globo-3d-ayuntamiento-paris\/\",\"name\":\"Globo tridimensional de c\u00e9sped invade el Ayuntamiento de Par\u00eds\",\"isPartOf\":{\"@id\":\"https:\/\/mymodernmet.com\/es\/#website\"},\"datePublished\":\"2011-07-08T04:00:00+00:00\",\"dateModified\":\"2019-02-21T05:19:01+00:00\",\"description\":\"La instalaci\u00f3n del artista Fran\u00e7ois Ab\u00e9lanet en el Ayuntamiento de Par\u00eds seguramente te har\u00e1 mirar dos veces. Visto de frente, parece ser que un enorme globo tridimensional de c\u00e9sped, con todo y \u00e1rboles, ha invadido la explanada del ayuntamiento. Pero, \u00bfdeber\u00edas de creerle a tus ojos?\",\"breadcrumb\":{\"@id\":\"https:\/\/mymodernmet.com\/es\/globo-3d-ayuntamiento-paris\/#breadcrumb\"},\"inLanguage\":\"es-ES\",\"potentialAction\":[{\"@type\":\"ReadAction\",\"target\":[\"https:\/\/mymodernmet.com\/es\/globo-3d-ayuntamiento-paris\/\"]}]},{\"@type\":\"BreadcrumbList\",\"@id\":\"https:\/\/mymodernmet.com\/es\/globo-3d-ayuntamiento-paris\/#breadcrumb\",\"itemListElement\":[{\"@type\":\"ListItem\",\"position\":1,\"name\":\"Home\",\"item\":\"https:\/\/mymodernmet.com\/es\/\"},{\"@type\":\"ListItem\",\"position\":2,\"name\":\"Arte\",\"item\":\"https:\/\/mymodernmet.com\/es\/category\/arte\/\"},{\"@type\":\"ListItem\",\"position\":3,\"name\":\"Arte urbano\",\"item\":\"https:\/\/mymodernmet.com\/es\/category\/arte\/arte-urbano\/\"},{\"@type\":\"ListItem\",\"position\":4,\"name\":\"Instalaci\u00f3n coloca un globo tridimensional de c\u00e9sped en medio del Ayuntamiento de Par\u00eds\"}]},{\"@type\":\"WebSite\",\"@id\":\"https:\/\/mymodernmet.com\/es\/#website\",\"url\":\"https:\/\/mymodernmet.com\/es\/\",\"name\":\"My Modern Met\",\"description\":\"The Big City That Celebrates Creative Ideas\",\"publisher\":{\"@id\":\"https:\/\/mymodernmet.com\/es\/#organization\"},\"alternateName\":\"My Modern Met\",\"potentialAction\":[{\"@type\":\"SearchAction\",\"target\":{\"@type\":\"EntryPoint\",\"urlTemplate\":\"https:\/\/mymodernmet.com\/es\/?s={search_term_string}\"},\"query-input\":{\"@type\":\"PropertyValueSpecification\",\"valueRequired\":true,\"valueName\":\"search_term_string\"}}],\"inLanguage\":\"es-ES\"},{\"@type\":\"Organization\",\"@id\":\"https:\/\/mymodernmet.com\/es\/#organization\",\"name\":\"My Modern Met\",\"alternateName\":\"My Modern Met\",\"url\":\"https:\/\/mymodernmet.com\/es\/\",\"logo\":{\"@type\":\"ImageObject\",\"inLanguage\":\"es-ES\",\"@id\":\"https:\/\/mymodernmet.com\/es\/#\/schema\/logo\/image\/\",\"url\":\"https:\/\/mymodernmet.com\/wp\/wp-content\/uploads\/2016\/12\/tumblr-logo.jpg\",\"contentUrl\":\"https:\/\/mymodernmet.com\/wp\/wp-content\/uploads\/2016\/12\/tumblr-logo.jpg\",\"width\":600,\"height\":600,\"caption\":\"My Modern Met\"},\"image\":{\"@id\":\"https:\/\/mymodernmet.com\/es\/#\/schema\/logo\/image\/\"},\"sameAs\":[\"https:\/\/www.facebook.com\/mymodernmet\",\"https:\/\/x.com\/mymodernmet\",\"https:\/\/www.instagram.com\/mymodernmet\/\",\"https:\/\/www.linkedin.com\/company\/3811009?trk=tyah&amp;amp;amp;trkInfo=clickedVertical:company,clickedEntityId:3811009,idx:2-1-2,tarId:1484473853378,tas:my modern\",\"https:\/\/www.pinterest.com\/mymodernmet\/\",\"https:\/\/www.youtube.com\/channel\/UCmiC4DC-xa6rqVJeNiRWDcQ\"]},{\"@type\":\"Person\",\"@id\":\"https:\/\/mymodernmet.com\/es\/#\/schema\/person\/c7343a95a95535987ca78002582a8469\",\"name\":\"Sof\u00eda Vargas\",\"image\":{\"@type\":\"ImageObject\",\"inLanguage\":\"es-ES\",\"@id\":\"https:\/\/mymodernmet.com\/es\/#\/schema\/person\/image\/\",\"url\":\"https:\/\/secure.gravatar.com\/avatar\/f375c5ddc7178427184ea841b568be24f572cf208b3967df546a112377f8c927?s=96&d=mm&r=g\",\"contentUrl\":\"https:\/\/secure.gravatar.com\/avatar\/f375c5ddc7178427184ea841b568be24f572cf208b3967df546a112377f8c927?s=96&d=mm&r=g\",\"caption\":\"Sof\u00eda Vargas\"},\"description\":\"Sof\u00eda Vargas es redactora en espa\u00f1ol para My Modern Met. Originaria de la Ciudad de M\u00e9xico, es licenciada en Lenguas Modernas y tiene un M\u00e1ster en Gesti\u00f3n Cultural por la Universidad Carlos III de Madrid. A lo largo de su carrera ha trabajado para varias instituciones culturales y ferias de arte en M\u00e9xico. Adem\u00e1s de escribir, Sof\u00eda dedica su tiempo a explorar otras pr\u00e1cticas art\u00edsticas, como la cer\u00e1mica y la ilustraci\u00f3n.\",\"sameAs\":[\"sofia@mymodernmet.com\"],\"url\":\"https:\/\/mymodernmet.com\/es\/author\/sofia\/\"}]}<\/script>\n<!-- \/ Yoast SEO Premium plugin. -->","yoast_head_json":{"title":"Globo tridimensional de c\u00e9sped invade el Ayuntamiento de Par\u00eds","description":"La instalaci\u00f3n del artista Fran\u00e7ois Ab\u00e9lanet en el Ayuntamiento de Par\u00eds seguramente te har\u00e1 mirar dos veces. Visto de frente, parece ser que un enorme globo tridimensional de c\u00e9sped, con todo y \u00e1rboles, ha invadido la explanada del ayuntamiento. Pero, \u00bfdeber\u00edas de creerle a tus ojos?","robots":{"index":"index","follow":"follow","max-snippet":"max-snippet:-1","max-image-preview":"max-image-preview:large","max-video-preview":"max-video-preview:-1"},"canonical":"https:\/\/mymodernmet.com\/es\/globo-3d-ayuntamiento-paris\/","og_locale":"es_ES","og_type":"article","og_title":"Instalaci\u00f3n coloca un globo tridimensional de c\u00e9sped en medio del Ayuntamiento de Par\u00eds","og_description":"Esta instalaci\u00f3n del artista Fran\u00e7ois Ab\u00e9lanet seguramente te har\u00e1 mirar dos veces.","og_url":"https:\/\/mymodernmet.com\/es\/globo-3d-ayuntamiento-paris\/","og_site_name":"My Modern Met en Espa\u00f1ol","article_publisher":"https:\/\/www.facebook.com\/mymodernmet","article_published_time":"2011-07-08T04:00:00+00:00","article_modified_time":"2019-02-21T05:19:01+00:00","og_image":[{"width":1200,"height":675,"url":"https:\/\/mymodernmet.com\/wp\/wp-content\/uploads\/2024\/12\/My-Modern-Met-Screenshot-homepage.jpeg","type":"image\/jpeg"}],"author":"Sof\u00eda Vargas","twitter_card":"summary_large_image","twitter_title":"Instalaci\u00f3n coloca un globo tridimensional de c\u00e9sped en medio del Ayuntamiento de Par\u00eds","twitter_description":"Esta instalaci\u00f3n del artista Fran\u00e7ois Ab\u00e9lanet seguramente te har\u00e1 mirar dos veces.","twitter_creator":"@mymodernmet","twitter_site":"@mymodernmetes","twitter_misc":{"Written by":"Sof\u00eda Vargas","Est. reading time":"1 minute"},"schema":{"@context":"https:\/\/schema.org","@graph":[{"@type":"Article","@id":"https:\/\/mymodernmet.com\/es\/globo-3d-ayuntamiento-paris\/#article","isPartOf":{"@id":"https:\/\/mymodernmet.com\/es\/globo-3d-ayuntamiento-paris\/"},"author":{"name":"Sof\u00eda Vargas","@id":"https:\/\/mymodernmet.com\/es\/#\/schema\/person\/c7343a95a95535987ca78002582a8469"},"headline":"Instalaci\u00f3n coloca un globo tridimensional de c\u00e9sped en medio del Ayuntamiento de Par\u00eds","datePublished":"2011-07-08T04:00:00+00:00","dateModified":"2019-02-21T05:19:01+00:00","mainEntityOfPage":{"@id":"https:\/\/mymodernmet.com\/es\/globo-3d-ayuntamiento-paris\/"},"wordCount":227,"publisher":{"@id":"https:\/\/mymodernmet.com\/es\/#organization"},"keywords":["arte callejero","Ayuntamiento de Par\u00eds","globo tridimensional","globo tridimensional ayuntamiento par\u00eds","globo tridimensional c\u00e9sped","instalaci\u00f3n ayuntamiento par\u00eds","paris"],"articleSection":["Arte urbano"],"inLanguage":"es-ES","copyrightYear":"2011","copyrightHolder":{"@id":"https:\/\/mymodernmet.com\/#organization"}},{"@type":"WebPage","@id":"https:\/\/mymodernmet.com\/es\/globo-3d-ayuntamiento-paris\/","url":"https:\/\/mymodernmet.com\/es\/globo-3d-ayuntamiento-paris\/","name":"Globo tridimensional de c\u00e9sped invade el Ayuntamiento de Par\u00eds","isPartOf":{"@id":"https:\/\/mymodernmet.com\/es\/#website"},"datePublished":"2011-07-08T04:00:00+00:00","dateModified":"2019-02-21T05:19:01+00:00","description":"La instalaci\u00f3n del artista Fran\u00e7ois Ab\u00e9lanet en el Ayuntamiento de Par\u00eds seguramente te har\u00e1 mirar dos veces. Visto de frente, parece ser que un enorme globo tridimensional de c\u00e9sped, con todo y \u00e1rboles, ha invadido la explanada del ayuntamiento. Pero, \u00bfdeber\u00edas de creerle a tus ojos?","breadcrumb":{"@id":"https:\/\/mymodernmet.com\/es\/globo-3d-ayuntamiento-paris\/#breadcrumb"},"inLanguage":"es-ES","potentialAction":[{"@type":"ReadAction","target":["https:\/\/mymodernmet.com\/es\/globo-3d-ayuntamiento-paris\/"]}]},{"@type":"BreadcrumbList","@id":"https:\/\/mymodernmet.com\/es\/globo-3d-ayuntamiento-paris\/#breadcrumb","itemListElement":[{"@type":"ListItem","position":1,"name":"Home","item":"https:\/\/mymodernmet.com\/es\/"},{"@type":"ListItem","position":2,"name":"Arte","item":"https:\/\/mymodernmet.com\/es\/category\/arte\/"},{"@type":"ListItem","position":3,"name":"Arte urbano","item":"https:\/\/mymodernmet.com\/es\/category\/arte\/arte-urbano\/"},{"@type":"ListItem","position":4,"name":"Instalaci\u00f3n coloca un globo tridimensional de c\u00e9sped en medio del Ayuntamiento de Par\u00eds"}]},{"@type":"WebSite","@id":"https:\/\/mymodernmet.com\/es\/#website","url":"https:\/\/mymodernmet.com\/es\/","name":"My Modern Met","description":"The Big City That Celebrates Creative Ideas","publisher":{"@id":"https:\/\/mymodernmet.com\/es\/#organization"},"alternateName":"My Modern Met","potentialAction":[{"@type":"SearchAction","target":{"@type":"EntryPoint","urlTemplate":"https:\/\/mymodernmet.com\/es\/?s={search_term_string}"},"query-input":{"@type":"PropertyValueSpecification","valueRequired":true,"valueName":"search_term_string"}}],"inLanguage":"es-ES"},{"@type":"Organization","@id":"https:\/\/mymodernmet.com\/es\/#organization","name":"My Modern Met","alternateName":"My Modern Met","url":"https:\/\/mymodernmet.com\/es\/","logo":{"@type":"ImageObject","inLanguage":"es-ES","@id":"https:\/\/mymodernmet.com\/es\/#\/schema\/logo\/image\/","url":"https:\/\/mymodernmet.com\/wp\/wp-content\/uploads\/2016\/12\/tumblr-logo.jpg","contentUrl":"https:\/\/mymodernmet.com\/wp\/wp-content\/uploads\/2016\/12\/tumblr-logo.jpg","width":600,"height":600,"caption":"My Modern Met"},"image":{"@id":"https:\/\/mymodernmet.com\/es\/#\/schema\/logo\/image\/"},"sameAs":["https:\/\/www.facebook.com\/mymodernmet","https:\/\/x.com\/mymodernmet","https:\/\/www.instagram.com\/mymodernmet\/","https:\/\/www.linkedin.com\/company\/3811009?trk=tyah&amp;amp;amp;trkInfo=clickedVertical:company,clickedEntityId:3811009,idx:2-1-2,tarId:1484473853378,tas:my modern","https:\/\/www.pinterest.com\/mymodernmet\/","https:\/\/www.youtube.com\/channel\/UCmiC4DC-xa6rqVJeNiRWDcQ"]},{"@type":"Person","@id":"https:\/\/mymodernmet.com\/es\/#\/schema\/person\/c7343a95a95535987ca78002582a8469","name":"Sof\u00eda Vargas","image":{"@type":"ImageObject","inLanguage":"es-ES","@id":"https:\/\/mymodernmet.com\/es\/#\/schema\/person\/image\/","url":"https:\/\/secure.gravatar.com\/avatar\/f375c5ddc7178427184ea841b568be24f572cf208b3967df546a112377f8c927?s=96&d=mm&r=g","contentUrl":"https:\/\/secure.gravatar.com\/avatar\/f375c5ddc7178427184ea841b568be24f572cf208b3967df546a112377f8c927?s=96&d=mm&r=g","caption":"Sof\u00eda Vargas"},"description":"Sof\u00eda Vargas es redactora en espa\u00f1ol para My Modern Met. Originaria de la Ciudad de M\u00e9xico, es licenciada en Lenguas Modernas y tiene un M\u00e1ster en Gesti\u00f3n Cultural por la Universidad Carlos III de Madrid. A lo largo de su carrera ha trabajado para varias instituciones culturales y ferias de arte en M\u00e9xico. Adem\u00e1s de escribir, Sof\u00eda dedica su tiempo a explorar otras pr\u00e1cticas art\u00edsticas, como la cer\u00e1mica y la ilustraci\u00f3n.","sameAs":["sofia@mymodernmet.com"],"url":"https:\/\/mymodernmet.com\/es\/author\/sofia\/"}]}},"_links":{"self":[{"href":"https:\/\/mymodernmet.com\/es\/wp-json\/wp\/v2\/posts\/186341","targetHints":{"allow":["GET"]}}],"collection":[{"href":"https:\/\/mymodernmet.com\/es\/wp-json\/wp\/v2\/posts"}],"about":[{"href":"https:\/\/mymodernmet.com\/es\/wp-json\/wp\/v2\/types\/post"}],"author":[{"embeddable":true,"href":"https:\/\/mymodernmet.com\/es\/wp-json\/wp\/v2\/users\/321"}],"replies":[{"embeddable":true,"href":"https:\/\/mymodernmet.com\/es\/wp-json\/wp\/v2\/comments?post=186341"}],"version-history":[{"count":4,"href":"https:\/\/mymodernmet.com\/es\/wp-json\/wp\/v2\/posts\/186341\/revisions"}],"predecessor-version":[{"id":188769,"href":"https:\/\/mymodernmet.com\/es\/wp-json\/wp\/v2\/posts\/186341\/revisions\/188769"}],"wp:attachment":[{"href":"https:\/\/mymodernmet.com\/es\/wp-json\/wp\/v2\/media?parent=186341"}],"wp:term":[{"taxonomy":"category","embeddable":true,"href":"https:\/\/mymodernmet.com\/es\/wp-json\/wp\/v2\/categories?post=186341"},{"taxonomy":"post_tag","embeddable":true,"href":"https:\/\/mymodernmet.com\/es\/wp-json\/wp\/v2\/tags?post=186341"}],"curies":[{"name":"wp","href":"https:\/\/api.w.org\/{rel}","templated":true}]}}