{"id":206654,"date":"2019-05-15T15:55:39","date_gmt":"2019-05-15T19:55:39","guid":{"rendered":"https:\/\/mymodernmet.com\/thibaud-poirier-sacred-spaces\/"},"modified":"2019-05-15T00:41:21","modified_gmt":"2019-05-15T04:41:21","slug":"sacred-spaces-iglesias-modernas","status":"publish","type":"post","link":"https:\/\/mymodernmet.com\/es\/sacred-spaces-iglesias-modernas\/","title":{"rendered":"Sacred Spaces: Un vistazo a la arquitectura de las iglesias modernas alrededor del mundo"},"content":{"rendered":"<div id=\"attachment_206323\" style=\"width: 1110px\" class=\"wp-caption alignnone\"><noscript><img decoding=\"async\" aria-describedby=\"caption-attachment-206323\" class=\"lazyload wp-image-206323 size-full\" src=\"https:\/\/mymodernmet.com\/wp\/wp-content\/uploads\/2019\/05\/thibaud-poirier-sacred-spaces-3.jpg\" alt=\"Sacred Spaces por Thibaud Poirier iglesias modernas\" width=\"1100\" height=\"880\" srcset=\"https:\/\/mymodernmet.com\/wp\/wp-content\/uploads\/2019\/05\/thibaud-poirier-sacred-spaces-3.jpg 1100w, https:\/\/mymodernmet.com\/wp\/wp-content\/uploads\/2019\/05\/thibaud-poirier-sacred-spaces-3-300x240.jpg 300w, https:\/\/mymodernmet.com\/wp\/wp-content\/uploads\/2019\/05\/thibaud-poirier-sacred-spaces-3-768x614.jpg 768w, https:\/\/mymodernmet.com\/wp\/wp-content\/uploads\/2019\/05\/thibaud-poirier-sacred-spaces-3-1024x819.jpg 1024w\" sizes=\"(max-width: 1100px) 100vw, 1100px\" \/><\/noscript><img decoding=\"async\" aria-describedby=\"caption-attachment-206323\" class=\"lazyload wp-image-206323 size-full\" src=\"data:image\/svg+xml,&lt;svg xmlns=&quot;http:\/\/www.w3.org\/2000\/svg&quot; viewBox=&quot;0 0 1100 880&quot;&gt;&lt;\/svg&gt;\" data-src=\"https:\/\/mymodernmet.com\/wp\/wp-content\/uploads\/2019\/05\/thibaud-poirier-sacred-spaces-3.jpg\" alt=\"Sacred Spaces por Thibaud Poirier iglesias modernas\" width=\"1100\" height=\"880\" data-srcset=\"https:\/\/mymodernmet.com\/wp\/wp-content\/uploads\/2019\/05\/thibaud-poirier-sacred-spaces-3.jpg 1100w, https:\/\/mymodernmet.com\/wp\/wp-content\/uploads\/2019\/05\/thibaud-poirier-sacred-spaces-3-300x240.jpg 300w, https:\/\/mymodernmet.com\/wp\/wp-content\/uploads\/2019\/05\/thibaud-poirier-sacred-spaces-3-768x614.jpg 768w, https:\/\/mymodernmet.com\/wp\/wp-content\/uploads\/2019\/05\/thibaud-poirier-sacred-spaces-3-1024x819.jpg 1024w\" sizes=\"(max-width: 1100px) 100vw, 1100px\" \/><p id=\"caption-attachment-206323\" class=\"wp-caption-text\">Kirche am Hohenzollernplatz, Berl&iacute;n, Alemania (Johann Freidrich H&ouml;ger, 1933)<\/p><\/div>\n<p>El fot&oacute;grafo <a href=\"http:\/\/www.thibaudpoirier.com\" target=\"_blank\" rel=\"noopener noreferrer\">Thibaud Poirier<\/a>, quien reside en Par&iacute;s, viaja por todo el mundo para capturar la belleza y diversidad del dise&ntilde;o de interiores. Ya sea que retrate la sorprendente simetr&iacute;a de las bibliotecas alrededor del planeta o que pase un tiempo en una sola zona para estudiar los singulares recintos de una misma cuidad, Poirier logra mostrar la arquitectura en una forma inherentemente art&iacute;stica. Para su proyecto m&aacute;s reciente, <a href=\"http:\/\/www.thibaudpoirier.com\/sacredspaces\" target=\"_blank\" rel=\"noopener noreferrer\"><em>Sacred Spaces<\/em><\/a>, Poirier nos presenta iglesias modernas, una &#8220;instituci&oacute;n delicada&#8221; con un fascinante enfoque hacia el dise&ntilde;o.<\/p>\n<p>En su impresionante serie de fotograf&iacute;as, Poirier nos ofrece un tour por diferentes iglesias modernistas alrededor del mundo. Espec&iacute;ficamente, el fot&oacute;grafo explora visualmente las formas en las que cada uno de estos edificios reacciona a la modernidad sin dejar de preservar la historia de la cristiandad. Poirier se&ntilde;ala que encontrar el balance es todo un reto, ya que la iglesia &#8220;debe soportar la constante tempestad del cambio mientras permanece anclada a la tradici&oacute;n&#8221;.<\/p>\n<p>Para lograrlo, las iglesias modernas combinan la idea antigua de c&oacute;mo deber&iacute;a ser un templo con una nueva perspectiva sobre la arquitectura. Este enfoque se traduce en una amplia variedad de interiores, desde espacios iluminados y et&eacute;reos hasta colosales y cavernosos <a href=\"https:\/\/mymodernmet.com\/es\/arquitectura-brutalista\/\" target=\"_blank\" rel=\"noopener noreferrer\">edificios brutalistas<\/a>.<\/p>\n<p>Con diferencias tan marcadas, es dif&iacute;cil descifrar qu&eacute; une a estos espacios f&iacute;sicamente. Sin embargo, para Poirier, no se trata tanto sobre c&oacute;mo se ven; es m&aacute;s sobre c&oacute;mo se sienten&ndash;un concepto que es adecuadamente reflexivo sobre el rol de la fe en la religi&oacute;n. &#8220;A pesar de las grandes diferencias estil&iacute;sticas&#8221;, explica Poirier, &#8220;el pegamento entre estas iglesias permanece invisible para el ojo humano y vibra dentro de cada uno de nosotros: el estado emocional creado mientras uno est&aacute; presente. El sentido de pertenencia. La convicci&oacute;n de algo m&aacute;s grande que todos nosotros&#8221;.<\/p>\n<p>Puedes explorar esta colecci&oacute;n en el <a href=\"http:\/\/www.thibaudpoirier.com\" target=\"_blank\" rel=\"noopener noreferrer\">sitio web<\/a> de Thibaud Poirier.\n<\/p>\n<h2>En su maravilloso proyecto, <em>Sacred Spaces<\/em>, el fot&oacute;grafo parisino Thibaud Poirier presenta la diversidad de las iglesias modernas alrededor del mundo.<\/h2>\n<div id=\"attachment_206319\" style=\"width: 1110px\" class=\"wp-caption alignnone\"><noscript><img decoding=\"async\" aria-describedby=\"caption-attachment-206319\" class=\"lazyload wp-image-206319 size-full\" src=\"https:\/\/mymodernmet.com\/wp\/wp-content\/uploads\/2019\/05\/thibaud-poirier-sacred-spaces-1.jpg\" alt=\"Sacred Spaces por Thibaud Poirier iglesias modernas\" width=\"1100\" height=\"880\" srcset=\"https:\/\/mymodernmet.com\/wp\/wp-content\/uploads\/2019\/05\/thibaud-poirier-sacred-spaces-1.jpg 1100w, https:\/\/mymodernmet.com\/wp\/wp-content\/uploads\/2019\/05\/thibaud-poirier-sacred-spaces-1-300x240.jpg 300w, https:\/\/mymodernmet.com\/wp\/wp-content\/uploads\/2019\/05\/thibaud-poirier-sacred-spaces-1-768x614.jpg 768w, https:\/\/mymodernmet.com\/wp\/wp-content\/uploads\/2019\/05\/thibaud-poirier-sacred-spaces-1-1024x819.jpg 1024w\" sizes=\"(max-width: 1100px) 100vw, 1100px\" \/><\/noscript><img decoding=\"async\" aria-describedby=\"caption-attachment-206319\" class=\"lazyload wp-image-206319 size-full\" src=\"data:image\/svg+xml,&lt;svg xmlns=&quot;http:\/\/www.w3.org\/2000\/svg&quot; viewBox=&quot;0 0 1100 880&quot;&gt;&lt;\/svg&gt;\" data-src=\"https:\/\/mymodernmet.com\/wp\/wp-content\/uploads\/2019\/05\/thibaud-poirier-sacred-spaces-1.jpg\" alt=\"Sacred Spaces por Thibaud Poirier iglesias modernas\" width=\"1100\" height=\"880\" data-srcset=\"https:\/\/mymodernmet.com\/wp\/wp-content\/uploads\/2019\/05\/thibaud-poirier-sacred-spaces-1.jpg 1100w, https:\/\/mymodernmet.com\/wp\/wp-content\/uploads\/2019\/05\/thibaud-poirier-sacred-spaces-1-300x240.jpg 300w, https:\/\/mymodernmet.com\/wp\/wp-content\/uploads\/2019\/05\/thibaud-poirier-sacred-spaces-1-768x614.jpg 768w, https:\/\/mymodernmet.com\/wp\/wp-content\/uploads\/2019\/05\/thibaud-poirier-sacred-spaces-1-1024x819.jpg 1024w\" sizes=\"(max-width: 1100px) 100vw, 1100px\" \/><p id=\"caption-attachment-206319\" class=\"wp-caption-text\">Grundtvigs Kirke, Copenhague, Dinamarca (Peder Vilhelm Jensen-Klint, 1927)<\/p><\/div>\n<div id=\"attachment_206321\" style=\"width: 1110px\" class=\"wp-caption alignnone\"><noscript><img decoding=\"async\" aria-describedby=\"caption-attachment-206321\" class=\"lazyload wp-image-206321 size-full\" src=\"https:\/\/mymodernmet.com\/wp\/wp-content\/uploads\/2019\/05\/thibaud-poirier-sacred-spaces-2.jpg\" alt=\"iglesias modernas\" width=\"1100\" height=\"825\" srcset=\"https:\/\/mymodernmet.com\/wp\/wp-content\/uploads\/2019\/05\/thibaud-poirier-sacred-spaces-2.jpg 1100w, https:\/\/mymodernmet.com\/wp\/wp-content\/uploads\/2019\/05\/thibaud-poirier-sacred-spaces-2-300x225.jpg 300w, https:\/\/mymodernmet.com\/wp\/wp-content\/uploads\/2019\/05\/thibaud-poirier-sacred-spaces-2-768x576.jpg 768w, https:\/\/mymodernmet.com\/wp\/wp-content\/uploads\/2019\/05\/thibaud-poirier-sacred-spaces-2-1024x768.jpg 1024w\" sizes=\"(max-width: 1100px) 100vw, 1100px\" \/><\/noscript><img decoding=\"async\" aria-describedby=\"caption-attachment-206321\" class=\"lazyload wp-image-206321 size-full\" src=\"data:image\/svg+xml,&lt;svg xmlns=&quot;http:\/\/www.w3.org\/2000\/svg&quot; viewBox=&quot;0 0 1100 825&quot;&gt;&lt;\/svg&gt;\" data-src=\"https:\/\/mymodernmet.com\/wp\/wp-content\/uploads\/2019\/05\/thibaud-poirier-sacred-spaces-2.jpg\" alt=\"iglesias modernas\" width=\"1100\" height=\"825\" data-srcset=\"https:\/\/mymodernmet.com\/wp\/wp-content\/uploads\/2019\/05\/thibaud-poirier-sacred-spaces-2.jpg 1100w, https:\/\/mymodernmet.com\/wp\/wp-content\/uploads\/2019\/05\/thibaud-poirier-sacred-spaces-2-300x225.jpg 300w, https:\/\/mymodernmet.com\/wp\/wp-content\/uploads\/2019\/05\/thibaud-poirier-sacred-spaces-2-768x576.jpg 768w, https:\/\/mymodernmet.com\/wp\/wp-content\/uploads\/2019\/05\/thibaud-poirier-sacred-spaces-2-1024x768.jpg 1024w\" sizes=\"(max-width: 1100px) 100vw, 1100px\" \/><p id=\"caption-attachment-206321\" class=\"wp-caption-text\">Catedral de Santa Mar&iacute;a, Tokio, Jap&oacute;n (Kenzo Tange, 1964)<\/p><\/div>\n<div id=\"attachment_206325\" style=\"width: 1110px\" class=\"wp-caption alignnone\"><noscript><img decoding=\"async\" aria-describedby=\"caption-attachment-206325\" class=\"lazyload wp-image-206325 size-full\" src=\"https:\/\/mymodernmet.com\/wp\/wp-content\/uploads\/2019\/05\/thibaud-poirier-sacred-spaces-4.jpg\" alt=\"Sacred Spaces por Thibaud Poirier\" width=\"1100\" height=\"880\" srcset=\"https:\/\/mymodernmet.com\/wp\/wp-content\/uploads\/2019\/05\/thibaud-poirier-sacred-spaces-4.jpg 1100w, https:\/\/mymodernmet.com\/wp\/wp-content\/uploads\/2019\/05\/thibaud-poirier-sacred-spaces-4-300x240.jpg 300w, https:\/\/mymodernmet.com\/wp\/wp-content\/uploads\/2019\/05\/thibaud-poirier-sacred-spaces-4-768x614.jpg 768w, https:\/\/mymodernmet.com\/wp\/wp-content\/uploads\/2019\/05\/thibaud-poirier-sacred-spaces-4-1024x819.jpg 1024w\" sizes=\"(max-width: 1100px) 100vw, 1100px\" \/><\/noscript><img decoding=\"async\" aria-describedby=\"caption-attachment-206325\" class=\"lazyload wp-image-206325 size-full\" src=\"data:image\/svg+xml,&lt;svg xmlns=&quot;http:\/\/www.w3.org\/2000\/svg&quot; viewBox=&quot;0 0 1100 880&quot;&gt;&lt;\/svg&gt;\" data-src=\"https:\/\/mymodernmet.com\/wp\/wp-content\/uploads\/2019\/05\/thibaud-poirier-sacred-spaces-4.jpg\" alt=\"Sacred Spaces por Thibaud Poirier\" width=\"1100\" height=\"880\" data-srcset=\"https:\/\/mymodernmet.com\/wp\/wp-content\/uploads\/2019\/05\/thibaud-poirier-sacred-spaces-4.jpg 1100w, https:\/\/mymodernmet.com\/wp\/wp-content\/uploads\/2019\/05\/thibaud-poirier-sacred-spaces-4-300x240.jpg 300w, https:\/\/mymodernmet.com\/wp\/wp-content\/uploads\/2019\/05\/thibaud-poirier-sacred-spaces-4-768x614.jpg 768w, https:\/\/mymodernmet.com\/wp\/wp-content\/uploads\/2019\/05\/thibaud-poirier-sacred-spaces-4-1024x819.jpg 1024w\" sizes=\"(max-width: 1100px) 100vw, 1100px\" \/><p id=\"caption-attachment-206325\" class=\"wp-caption-text\">Saint Moritz, Augsburgo, Alemania (John Pawson, 2013)<\/p><\/div>\n<div id=\"attachment_206345\" style=\"width: 1110px\" class=\"wp-caption alignnone\"><noscript><img decoding=\"async\" aria-describedby=\"caption-attachment-206345\" class=\"lazyload size-full wp-image-206345\" src=\"https:\/\/mymodernmet.com\/wp\/wp-content\/uploads\/2019\/05\/thibaud-poirier-sacred-spaces-14.jpg\" alt=\"Modernist Architecture\" width=\"1100\" height=\"880\" srcset=\"https:\/\/mymodernmet.com\/wp\/wp-content\/uploads\/2019\/05\/thibaud-poirier-sacred-spaces-14.jpg 1100w, https:\/\/mymodernmet.com\/wp\/wp-content\/uploads\/2019\/05\/thibaud-poirier-sacred-spaces-14-300x240.jpg 300w, https:\/\/mymodernmet.com\/wp\/wp-content\/uploads\/2019\/05\/thibaud-poirier-sacred-spaces-14-768x614.jpg 768w, https:\/\/mymodernmet.com\/wp\/wp-content\/uploads\/2019\/05\/thibaud-poirier-sacred-spaces-14-1024x819.jpg 1024w\" sizes=\"(max-width: 1100px) 100vw, 1100px\" \/><\/noscript><img decoding=\"async\" aria-describedby=\"caption-attachment-206345\" class=\"lazyload size-full wp-image-206345\" src=\"data:image\/svg+xml,&lt;svg xmlns=&quot;http:\/\/www.w3.org\/2000\/svg&quot; viewBox=&quot;0 0 1100 880&quot;&gt;&lt;\/svg&gt;\" data-src=\"https:\/\/mymodernmet.com\/wp\/wp-content\/uploads\/2019\/05\/thibaud-poirier-sacred-spaces-14.jpg\" alt=\"Modernist Architecture\" width=\"1100\" height=\"880\" data-srcset=\"https:\/\/mymodernmet.com\/wp\/wp-content\/uploads\/2019\/05\/thibaud-poirier-sacred-spaces-14.jpg 1100w, https:\/\/mymodernmet.com\/wp\/wp-content\/uploads\/2019\/05\/thibaud-poirier-sacred-spaces-14-300x240.jpg 300w, https:\/\/mymodernmet.com\/wp\/wp-content\/uploads\/2019\/05\/thibaud-poirier-sacred-spaces-14-768x614.jpg 768w, https:\/\/mymodernmet.com\/wp\/wp-content\/uploads\/2019\/05\/thibaud-poirier-sacred-spaces-14-1024x819.jpg 1024w\" sizes=\"(max-width: 1100px) 100vw, 1100px\" \/><p id=\"caption-attachment-206345\" class=\"wp-caption-text\">Resurrecci&oacute;n de Cristo, Colonia, Alemania (Gottfried B&ouml;hm, 1957)<\/p><\/div>\n<div id=\"attachment_206367\" style=\"width: 1110px\" class=\"wp-caption alignnone\"><noscript><img decoding=\"async\" aria-describedby=\"caption-attachment-206367\" class=\"lazyload size-full wp-image-206367\" src=\"https:\/\/mymodernmet.com\/wp\/wp-content\/uploads\/2019\/05\/thibaud-poirier-sacred-spaces-24.jpg\" alt=\"Modern Church Design\" width=\"1100\" height=\"880\" srcset=\"https:\/\/mymodernmet.com\/wp\/wp-content\/uploads\/2019\/05\/thibaud-poirier-sacred-spaces-24.jpg 1100w, https:\/\/mymodernmet.com\/wp\/wp-content\/uploads\/2019\/05\/thibaud-poirier-sacred-spaces-24-300x240.jpg 300w, https:\/\/mymodernmet.com\/wp\/wp-content\/uploads\/2019\/05\/thibaud-poirier-sacred-spaces-24-768x614.jpg 768w, https:\/\/mymodernmet.com\/wp\/wp-content\/uploads\/2019\/05\/thibaud-poirier-sacred-spaces-24-1024x819.jpg 1024w\" sizes=\"(max-width: 1100px) 100vw, 1100px\" \/><\/noscript><img decoding=\"async\" aria-describedby=\"caption-attachment-206367\" class=\"lazyload size-full wp-image-206367\" src=\"data:image\/svg+xml,&lt;svg xmlns=&quot;http:\/\/www.w3.org\/2000\/svg&quot; viewBox=&quot;0 0 1100 880&quot;&gt;&lt;\/svg&gt;\" data-src=\"https:\/\/mymodernmet.com\/wp\/wp-content\/uploads\/2019\/05\/thibaud-poirier-sacred-spaces-24.jpg\" alt=\"Modern Church Design\" width=\"1100\" height=\"880\" data-srcset=\"https:\/\/mymodernmet.com\/wp\/wp-content\/uploads\/2019\/05\/thibaud-poirier-sacred-spaces-24.jpg 1100w, https:\/\/mymodernmet.com\/wp\/wp-content\/uploads\/2019\/05\/thibaud-poirier-sacred-spaces-24-300x240.jpg 300w, https:\/\/mymodernmet.com\/wp\/wp-content\/uploads\/2019\/05\/thibaud-poirier-sacred-spaces-24-768x614.jpg 768w, https:\/\/mymodernmet.com\/wp\/wp-content\/uploads\/2019\/05\/thibaud-poirier-sacred-spaces-24-1024x819.jpg 1024w\" sizes=\"(max-width: 1100px) 100vw, 1100px\" \/><p id=\"caption-attachment-206367\" class=\"wp-caption-text\">Saint-Jacques-le-Majeur, Montrouge, Francia (Erik Bagge, 1940)<\/p><\/div>\n<div id=\"attachment_206377\" style=\"width: 1110px\" class=\"wp-caption alignnone\"><noscript><img decoding=\"async\" aria-describedby=\"caption-attachment-206377\" class=\"lazyload size-full wp-image-206377\" src=\"https:\/\/mymodernmet.com\/wp\/wp-content\/uploads\/2019\/05\/thibaud-poirier-sacred-spaces-29.jpg\" alt=\"Modern Church Design\" width=\"1100\" height=\"825\" srcset=\"https:\/\/mymodernmet.com\/wp\/wp-content\/uploads\/2019\/05\/thibaud-poirier-sacred-spaces-29.jpg 1100w, https:\/\/mymodernmet.com\/wp\/wp-content\/uploads\/2019\/05\/thibaud-poirier-sacred-spaces-29-300x225.jpg 300w, https:\/\/mymodernmet.com\/wp\/wp-content\/uploads\/2019\/05\/thibaud-poirier-sacred-spaces-29-768x576.jpg 768w, https:\/\/mymodernmet.com\/wp\/wp-content\/uploads\/2019\/05\/thibaud-poirier-sacred-spaces-29-1024x768.jpg 1024w\" sizes=\"(max-width: 1100px) 100vw, 1100px\" \/><\/noscript><img decoding=\"async\" aria-describedby=\"caption-attachment-206377\" class=\"lazyload size-full wp-image-206377\" src=\"data:image\/svg+xml,&lt;svg xmlns=&quot;http:\/\/www.w3.org\/2000\/svg&quot; viewBox=&quot;0 0 1100 825&quot;&gt;&lt;\/svg&gt;\" data-src=\"https:\/\/mymodernmet.com\/wp\/wp-content\/uploads\/2019\/05\/thibaud-poirier-sacred-spaces-29.jpg\" alt=\"Modern Church Design\" width=\"1100\" height=\"825\" data-srcset=\"https:\/\/mymodernmet.com\/wp\/wp-content\/uploads\/2019\/05\/thibaud-poirier-sacred-spaces-29.jpg 1100w, https:\/\/mymodernmet.com\/wp\/wp-content\/uploads\/2019\/05\/thibaud-poirier-sacred-spaces-29-300x225.jpg 300w, https:\/\/mymodernmet.com\/wp\/wp-content\/uploads\/2019\/05\/thibaud-poirier-sacred-spaces-29-768x576.jpg 768w, https:\/\/mymodernmet.com\/wp\/wp-content\/uploads\/2019\/05\/thibaud-poirier-sacred-spaces-29-1024x768.jpg 1024w\" sizes=\"(max-width: 1100px) 100vw, 1100px\" \/><p id=\"caption-attachment-206377\" class=\"wp-caption-text\">Stella-Matutina, Saint-Cloud, Francia (Alain Bourbonnais, Thierry Bouts y Raul Vergez, 1965)<\/p><\/div>\n<div id=\"attachment_206333\" style=\"width: 1110px\" class=\"wp-caption alignnone\"><noscript><img decoding=\"async\" aria-describedby=\"caption-attachment-206333\" class=\"lazyload size-full wp-image-206333\" src=\"https:\/\/mymodernmet.com\/wp\/wp-content\/uploads\/2019\/05\/thibaud-poirier-sacred-spaces-8.jpg\" alt=\"Modernist Architecture\" width=\"1100\" height=\"868\" srcset=\"https:\/\/mymodernmet.com\/wp\/wp-content\/uploads\/2019\/05\/thibaud-poirier-sacred-spaces-8.jpg 1100w, https:\/\/mymodernmet.com\/wp\/wp-content\/uploads\/2019\/05\/thibaud-poirier-sacred-spaces-8-300x237.jpg 300w, https:\/\/mymodernmet.com\/wp\/wp-content\/uploads\/2019\/05\/thibaud-poirier-sacred-spaces-8-768x606.jpg 768w, https:\/\/mymodernmet.com\/wp\/wp-content\/uploads\/2019\/05\/thibaud-poirier-sacred-spaces-8-1024x808.jpg 1024w\" sizes=\"(max-width: 1100px) 100vw, 1100px\" \/><\/noscript><img decoding=\"async\" aria-describedby=\"caption-attachment-206333\" class=\"lazyload size-full wp-image-206333\" src=\"data:image\/svg+xml,&lt;svg xmlns=&quot;http:\/\/www.w3.org\/2000\/svg&quot; viewBox=&quot;0 0 1100 868&quot;&gt;&lt;\/svg&gt;\" data-src=\"https:\/\/mymodernmet.com\/wp\/wp-content\/uploads\/2019\/05\/thibaud-poirier-sacred-spaces-8.jpg\" alt=\"Modernist Architecture\" width=\"1100\" height=\"868\" data-srcset=\"https:\/\/mymodernmet.com\/wp\/wp-content\/uploads\/2019\/05\/thibaud-poirier-sacred-spaces-8.jpg 1100w, https:\/\/mymodernmet.com\/wp\/wp-content\/uploads\/2019\/05\/thibaud-poirier-sacred-spaces-8-300x237.jpg 300w, https:\/\/mymodernmet.com\/wp\/wp-content\/uploads\/2019\/05\/thibaud-poirier-sacred-spaces-8-768x606.jpg 768w, https:\/\/mymodernmet.com\/wp\/wp-content\/uploads\/2019\/05\/thibaud-poirier-sacred-spaces-8-1024x808.jpg 1024w\" sizes=\"(max-width: 1100px) 100vw, 1100px\" \/><p id=\"caption-attachment-206333\" class=\"wp-caption-text\">Opstandingskerk, &Aacute;msterdam (Marius Duintjer, 1956)<\/p><\/div>\n<div id=\"attachment_206335\" style=\"width: 1110px\" class=\"wp-caption alignnone\"><noscript><img decoding=\"async\" aria-describedby=\"caption-attachment-206335\" class=\"lazyload size-full wp-image-206335\" src=\"https:\/\/mymodernmet.com\/wp\/wp-content\/uploads\/2019\/05\/thibaud-poirier-sacred-spaces-9.jpg\" alt=\"Modernist Architecture\" width=\"1100\" height=\"881\" srcset=\"https:\/\/mymodernmet.com\/wp\/wp-content\/uploads\/2019\/05\/thibaud-poirier-sacred-spaces-9.jpg 1100w, https:\/\/mymodernmet.com\/wp\/wp-content\/uploads\/2019\/05\/thibaud-poirier-sacred-spaces-9-300x240.jpg 300w, https:\/\/mymodernmet.com\/wp\/wp-content\/uploads\/2019\/05\/thibaud-poirier-sacred-spaces-9-768x615.jpg 768w, https:\/\/mymodernmet.com\/wp\/wp-content\/uploads\/2019\/05\/thibaud-poirier-sacred-spaces-9-1024x820.jpg 1024w\" sizes=\"(max-width: 1100px) 100vw, 1100px\" \/><\/noscript><img decoding=\"async\" aria-describedby=\"caption-attachment-206335\" class=\"lazyload size-full wp-image-206335\" src=\"data:image\/svg+xml,&lt;svg xmlns=&quot;http:\/\/www.w3.org\/2000\/svg&quot; viewBox=&quot;0 0 1100 881&quot;&gt;&lt;\/svg&gt;\" data-src=\"https:\/\/mymodernmet.com\/wp\/wp-content\/uploads\/2019\/05\/thibaud-poirier-sacred-spaces-9.jpg\" alt=\"Modernist Architecture\" width=\"1100\" height=\"881\" data-srcset=\"https:\/\/mymodernmet.com\/wp\/wp-content\/uploads\/2019\/05\/thibaud-poirier-sacred-spaces-9.jpg 1100w, https:\/\/mymodernmet.com\/wp\/wp-content\/uploads\/2019\/05\/thibaud-poirier-sacred-spaces-9-300x240.jpg 300w, https:\/\/mymodernmet.com\/wp\/wp-content\/uploads\/2019\/05\/thibaud-poirier-sacred-spaces-9-768x615.jpg 768w, https:\/\/mymodernmet.com\/wp\/wp-content\/uploads\/2019\/05\/thibaud-poirier-sacred-spaces-9-1024x820.jpg 1024w\" sizes=\"(max-width: 1100px) 100vw, 1100px\" \/><p id=\"caption-attachment-206335\" class=\"wp-caption-text\">Saint Joseph, Havre, Francia (Auguste Perret, 1956)<\/p><\/div>\n<div id=\"attachment_206357\" style=\"width: 1110px\" class=\"wp-caption alignnone\"><noscript><img decoding=\"async\" aria-describedby=\"caption-attachment-206357\" class=\"lazyload size-full wp-image-206357\" src=\"https:\/\/mymodernmet.com\/wp\/wp-content\/uploads\/2019\/05\/thibaud-poirier-sacred-spaces-20.jpg\" alt=\"Modernist Churches\" width=\"1100\" height=\"880\" srcset=\"https:\/\/mymodernmet.com\/wp\/wp-content\/uploads\/2019\/05\/thibaud-poirier-sacred-spaces-20.jpg 1100w, https:\/\/mymodernmet.com\/wp\/wp-content\/uploads\/2019\/05\/thibaud-poirier-sacred-spaces-20-300x240.jpg 300w, https:\/\/mymodernmet.com\/wp\/wp-content\/uploads\/2019\/05\/thibaud-poirier-sacred-spaces-20-768x614.jpg 768w, https:\/\/mymodernmet.com\/wp\/wp-content\/uploads\/2019\/05\/thibaud-poirier-sacred-spaces-20-1024x819.jpg 1024w\" sizes=\"(max-width: 1100px) 100vw, 1100px\" \/><\/noscript><img decoding=\"async\" aria-describedby=\"caption-attachment-206357\" class=\"lazyload size-full wp-image-206357\" src=\"data:image\/svg+xml,&lt;svg xmlns=&quot;http:\/\/www.w3.org\/2000\/svg&quot; viewBox=&quot;0 0 1100 880&quot;&gt;&lt;\/svg&gt;\" data-src=\"https:\/\/mymodernmet.com\/wp\/wp-content\/uploads\/2019\/05\/thibaud-poirier-sacred-spaces-20.jpg\" alt=\"Modernist Churches\" width=\"1100\" height=\"880\" data-srcset=\"https:\/\/mymodernmet.com\/wp\/wp-content\/uploads\/2019\/05\/thibaud-poirier-sacred-spaces-20.jpg 1100w, https:\/\/mymodernmet.com\/wp\/wp-content\/uploads\/2019\/05\/thibaud-poirier-sacred-spaces-20-300x240.jpg 300w, https:\/\/mymodernmet.com\/wp\/wp-content\/uploads\/2019\/05\/thibaud-poirier-sacred-spaces-20-768x614.jpg 768w, https:\/\/mymodernmet.com\/wp\/wp-content\/uploads\/2019\/05\/thibaud-poirier-sacred-spaces-20-1024x819.jpg 1024w\" sizes=\"(max-width: 1100px) 100vw, 1100px\" \/><p id=\"caption-attachment-206357\" class=\"wp-caption-text\">Cath&eacute;drale de la R&eacute;surrection, Evry, Francia (Mario Botta, 1999)<\/p><\/div>\n<div id=\"attachment_206343\" style=\"width: 1110px\" class=\"wp-caption alignnone\"><noscript><img decoding=\"async\" aria-describedby=\"caption-attachment-206343\" class=\"lazyload size-full wp-image-206343\" src=\"https:\/\/mymodernmet.com\/wp\/wp-content\/uploads\/2019\/05\/thibaud-poirier-sacred-spaces-13.jpg\" alt=\"Modernist Architecture\" width=\"1100\" height=\"880\" srcset=\"https:\/\/mymodernmet.com\/wp\/wp-content\/uploads\/2019\/05\/thibaud-poirier-sacred-spaces-13.jpg 1100w, https:\/\/mymodernmet.com\/wp\/wp-content\/uploads\/2019\/05\/thibaud-poirier-sacred-spaces-13-300x240.jpg 300w, https:\/\/mymodernmet.com\/wp\/wp-content\/uploads\/2019\/05\/thibaud-poirier-sacred-spaces-13-768x614.jpg 768w, https:\/\/mymodernmet.com\/wp\/wp-content\/uploads\/2019\/05\/thibaud-poirier-sacred-spaces-13-1024x819.jpg 1024w\" sizes=\"(max-width: 1100px) 100vw, 1100px\" \/><\/noscript><img decoding=\"async\" aria-describedby=\"caption-attachment-206343\" class=\"lazyload size-full wp-image-206343\" src=\"data:image\/svg+xml,&lt;svg xmlns=&quot;http:\/\/www.w3.org\/2000\/svg&quot; viewBox=&quot;0 0 1100 880&quot;&gt;&lt;\/svg&gt;\" data-src=\"https:\/\/mymodernmet.com\/wp\/wp-content\/uploads\/2019\/05\/thibaud-poirier-sacred-spaces-13.jpg\" alt=\"Modernist Architecture\" width=\"1100\" height=\"880\" data-srcset=\"https:\/\/mymodernmet.com\/wp\/wp-content\/uploads\/2019\/05\/thibaud-poirier-sacred-spaces-13.jpg 1100w, https:\/\/mymodernmet.com\/wp\/wp-content\/uploads\/2019\/05\/thibaud-poirier-sacred-spaces-13-300x240.jpg 300w, https:\/\/mymodernmet.com\/wp\/wp-content\/uploads\/2019\/05\/thibaud-poirier-sacred-spaces-13-768x614.jpg 768w, https:\/\/mymodernmet.com\/wp\/wp-content\/uploads\/2019\/05\/thibaud-poirier-sacred-spaces-13-1024x819.jpg 1024w\" sizes=\"(max-width: 1100px) 100vw, 1100px\" \/><p id=\"caption-attachment-206343\" class=\"wp-caption-text\">Santo Ignacio, Tokio, Jap&oacute;n (Sakakura Associates, 1999)<\/p><\/div>\n<p>&nbsp;<\/p>\n<h4><strong>A continuaci&oacute;n: M&aacute;s iglesias modernas<\/strong><\/h4>\n<p><!--nextpage--><\/p>\n<h2>M&aacute;s iglesias modernistas alrededor del mundo<\/h2>\n<div id=\"attachment_206327\" style=\"width: 1110px\" class=\"wp-caption alignnone\"><noscript><img decoding=\"async\" aria-describedby=\"caption-attachment-206327\" class=\"lazyload size-full wp-image-206327\" src=\"https:\/\/mymodernmet.com\/wp\/wp-content\/uploads\/2019\/05\/thibaud-poirier-sacred-spaces-5.jpg\" alt=\"Sacred Spaces by Thibaud Poirier\" width=\"1100\" height=\"825\" srcset=\"https:\/\/mymodernmet.com\/wp\/wp-content\/uploads\/2019\/05\/thibaud-poirier-sacred-spaces-5.jpg 1100w, https:\/\/mymodernmet.com\/wp\/wp-content\/uploads\/2019\/05\/thibaud-poirier-sacred-spaces-5-300x225.jpg 300w, https:\/\/mymodernmet.com\/wp\/wp-content\/uploads\/2019\/05\/thibaud-poirier-sacred-spaces-5-768x576.jpg 768w, https:\/\/mymodernmet.com\/wp\/wp-content\/uploads\/2019\/05\/thibaud-poirier-sacred-spaces-5-1024x768.jpg 1024w\" sizes=\"(max-width: 1100px) 100vw, 1100px\" \/><\/noscript><img decoding=\"async\" aria-describedby=\"caption-attachment-206327\" class=\"lazyload size-full wp-image-206327\" src=\"data:image\/svg+xml,&lt;svg xmlns=&quot;http:\/\/www.w3.org\/2000\/svg&quot; viewBox=&quot;0 0 1100 825&quot;&gt;&lt;\/svg&gt;\" data-src=\"https:\/\/mymodernmet.com\/wp\/wp-content\/uploads\/2019\/05\/thibaud-poirier-sacred-spaces-5.jpg\" alt=\"Sacred Spaces by Thibaud Poirier\" width=\"1100\" height=\"825\" data-srcset=\"https:\/\/mymodernmet.com\/wp\/wp-content\/uploads\/2019\/05\/thibaud-poirier-sacred-spaces-5.jpg 1100w, https:\/\/mymodernmet.com\/wp\/wp-content\/uploads\/2019\/05\/thibaud-poirier-sacred-spaces-5-300x225.jpg 300w, https:\/\/mymodernmet.com\/wp\/wp-content\/uploads\/2019\/05\/thibaud-poirier-sacred-spaces-5-768x576.jpg 768w, https:\/\/mymodernmet.com\/wp\/wp-content\/uploads\/2019\/05\/thibaud-poirier-sacred-spaces-5-1024x768.jpg 1024w\" sizes=\"(max-width: 1100px) 100vw, 1100px\" \/><p id=\"caption-attachment-206327\" class=\"wp-caption-text\">Sainte-Th&eacute;r&egrave;se-de-l'Enfant-J&eacute;sus, Metz, Francia (Andr&eacute; Remondet, 1959)<\/p><\/div>\n<div id=\"attachment_206337\" style=\"width: 1110px\" class=\"wp-caption alignnone\"><noscript><img decoding=\"async\" aria-describedby=\"caption-attachment-206337\" class=\"lazyload size-full wp-image-206337\" src=\"https:\/\/mymodernmet.com\/wp\/wp-content\/uploads\/2019\/05\/thibaud-poirier-sacred-spaces-10.jpg\" alt=\"Modernist Architecture\" width=\"1100\" height=\"880\" srcset=\"https:\/\/mymodernmet.com\/wp\/wp-content\/uploads\/2019\/05\/thibaud-poirier-sacred-spaces-10.jpg 1100w, https:\/\/mymodernmet.com\/wp\/wp-content\/uploads\/2019\/05\/thibaud-poirier-sacred-spaces-10-300x240.jpg 300w, https:\/\/mymodernmet.com\/wp\/wp-content\/uploads\/2019\/05\/thibaud-poirier-sacred-spaces-10-768x614.jpg 768w, https:\/\/mymodernmet.com\/wp\/wp-content\/uploads\/2019\/05\/thibaud-poirier-sacred-spaces-10-1024x819.jpg 1024w\" sizes=\"(max-width: 1100px) 100vw, 1100px\" \/><\/noscript><img decoding=\"async\" aria-describedby=\"caption-attachment-206337\" class=\"lazyload size-full wp-image-206337\" src=\"data:image\/svg+xml,&lt;svg xmlns=&quot;http:\/\/www.w3.org\/2000\/svg&quot; viewBox=&quot;0 0 1100 880&quot;&gt;&lt;\/svg&gt;\" data-src=\"https:\/\/mymodernmet.com\/wp\/wp-content\/uploads\/2019\/05\/thibaud-poirier-sacred-spaces-10.jpg\" alt=\"Modernist Architecture\" width=\"1100\" height=\"880\" data-srcset=\"https:\/\/mymodernmet.com\/wp\/wp-content\/uploads\/2019\/05\/thibaud-poirier-sacred-spaces-10.jpg 1100w, https:\/\/mymodernmet.com\/wp\/wp-content\/uploads\/2019\/05\/thibaud-poirier-sacred-spaces-10-300x240.jpg 300w, https:\/\/mymodernmet.com\/wp\/wp-content\/uploads\/2019\/05\/thibaud-poirier-sacred-spaces-10-768x614.jpg 768w, https:\/\/mymodernmet.com\/wp\/wp-content\/uploads\/2019\/05\/thibaud-poirier-sacred-spaces-10-1024x819.jpg 1024w\" sizes=\"(max-width: 1100px) 100vw, 1100px\" \/><p id=\"caption-attachment-206337\" class=\"wp-caption-text\">Saint Jean Boscot, Par&iacute;s, Francia (Dimitri y Ren&eacute; Rotter, 1937)<\/p><\/div>\n<div id=\"attachment_206331\" style=\"width: 1110px\" class=\"wp-caption alignnone\"><noscript><img decoding=\"async\" aria-describedby=\"caption-attachment-206331\" class=\"lazyload size-full wp-image-206331\" src=\"https:\/\/mymodernmet.com\/wp\/wp-content\/uploads\/2019\/05\/thibaud-poirier-sacred-spaces-7.jpg\" alt=\"Sacred Spaces by Thibaud Poirier\" width=\"1100\" height=\"880\" srcset=\"https:\/\/mymodernmet.com\/wp\/wp-content\/uploads\/2019\/05\/thibaud-poirier-sacred-spaces-7.jpg 1100w, https:\/\/mymodernmet.com\/wp\/wp-content\/uploads\/2019\/05\/thibaud-poirier-sacred-spaces-7-300x240.jpg 300w, https:\/\/mymodernmet.com\/wp\/wp-content\/uploads\/2019\/05\/thibaud-poirier-sacred-spaces-7-768x614.jpg 768w, https:\/\/mymodernmet.com\/wp\/wp-content\/uploads\/2019\/05\/thibaud-poirier-sacred-spaces-7-1024x819.jpg 1024w\" sizes=\"(max-width: 1100px) 100vw, 1100px\" \/><\/noscript><img decoding=\"async\" aria-describedby=\"caption-attachment-206331\" class=\"lazyload size-full wp-image-206331\" src=\"data:image\/svg+xml,&lt;svg xmlns=&quot;http:\/\/www.w3.org\/2000\/svg&quot; viewBox=&quot;0 0 1100 880&quot;&gt;&lt;\/svg&gt;\" data-src=\"https:\/\/mymodernmet.com\/wp\/wp-content\/uploads\/2019\/05\/thibaud-poirier-sacred-spaces-7.jpg\" alt=\"Sacred Spaces by Thibaud Poirier\" width=\"1100\" height=\"880\" data-srcset=\"https:\/\/mymodernmet.com\/wp\/wp-content\/uploads\/2019\/05\/thibaud-poirier-sacred-spaces-7.jpg 1100w, https:\/\/mymodernmet.com\/wp\/wp-content\/uploads\/2019\/05\/thibaud-poirier-sacred-spaces-7-300x240.jpg 300w, https:\/\/mymodernmet.com\/wp\/wp-content\/uploads\/2019\/05\/thibaud-poirier-sacred-spaces-7-768x614.jpg 768w, https:\/\/mymodernmet.com\/wp\/wp-content\/uploads\/2019\/05\/thibaud-poirier-sacred-spaces-7-1024x819.jpg 1024w\" sizes=\"(max-width: 1100px) 100vw, 1100px\" \/><p id=\"caption-attachment-206331\" class=\"wp-caption-text\">Iglesia Cat&oacute;lica de Meguro, Tokio, Jap&oacute;n (Antonin Raymond, 1954)<\/p><\/div>\n<div id=\"attachment_206329\" style=\"width: 1110px\" class=\"wp-caption alignnone\"><noscript><img decoding=\"async\" aria-describedby=\"caption-attachment-206329\" class=\"lazyload wp-image-206329 size-full\" src=\"https:\/\/mymodernmet.com\/wp\/wp-content\/uploads\/2019\/05\/thibaud-poirier-sacred-spaces-6.jpg\" alt=\"arquitectura modernista\" width=\"1100\" height=\"880\" srcset=\"https:\/\/mymodernmet.com\/wp\/wp-content\/uploads\/2019\/05\/thibaud-poirier-sacred-spaces-6.jpg 1100w, https:\/\/mymodernmet.com\/wp\/wp-content\/uploads\/2019\/05\/thibaud-poirier-sacred-spaces-6-300x240.jpg 300w, https:\/\/mymodernmet.com\/wp\/wp-content\/uploads\/2019\/05\/thibaud-poirier-sacred-spaces-6-768x614.jpg 768w, https:\/\/mymodernmet.com\/wp\/wp-content\/uploads\/2019\/05\/thibaud-poirier-sacred-spaces-6-1024x819.jpg 1024w\" sizes=\"(max-width: 1100px) 100vw, 1100px\" \/><\/noscript><img decoding=\"async\" aria-describedby=\"caption-attachment-206329\" class=\"lazyload wp-image-206329 size-full\" src=\"data:image\/svg+xml,&lt;svg xmlns=&quot;http:\/\/www.w3.org\/2000\/svg&quot; viewBox=&quot;0 0 1100 880&quot;&gt;&lt;\/svg&gt;\" data-src=\"https:\/\/mymodernmet.com\/wp\/wp-content\/uploads\/2019\/05\/thibaud-poirier-sacred-spaces-6.jpg\" alt=\"arquitectura modernista\" width=\"1100\" height=\"880\" data-srcset=\"https:\/\/mymodernmet.com\/wp\/wp-content\/uploads\/2019\/05\/thibaud-poirier-sacred-spaces-6.jpg 1100w, https:\/\/mymodernmet.com\/wp\/wp-content\/uploads\/2019\/05\/thibaud-poirier-sacred-spaces-6-300x240.jpg 300w, https:\/\/mymodernmet.com\/wp\/wp-content\/uploads\/2019\/05\/thibaud-poirier-sacred-spaces-6-768x614.jpg 768w, https:\/\/mymodernmet.com\/wp\/wp-content\/uploads\/2019\/05\/thibaud-poirier-sacred-spaces-6-1024x819.jpg 1024w\" sizes=\"(max-width: 1100px) 100vw, 1100px\" \/><p id=\"caption-attachment-206329\" class=\"wp-caption-text\">&Eacute;glise du Saint Esprit, Viry-Ch&acirc;tillon (Anton Korady, 1964)<\/p><\/div>\n<div id=\"attachment_206341\" style=\"width: 1110px\" class=\"wp-caption alignnone\"><noscript><img decoding=\"async\" aria-describedby=\"caption-attachment-206341\" class=\"lazyload wp-image-206341 size-full\" src=\"https:\/\/mymodernmet.com\/wp\/wp-content\/uploads\/2019\/05\/thibaud-poirier-sacred-spaces-12.jpg\" alt=\"arquitectura modernista\" width=\"1100\" height=\"825\" srcset=\"https:\/\/mymodernmet.com\/wp\/wp-content\/uploads\/2019\/05\/thibaud-poirier-sacred-spaces-12.jpg 1100w, https:\/\/mymodernmet.com\/wp\/wp-content\/uploads\/2019\/05\/thibaud-poirier-sacred-spaces-12-300x225.jpg 300w, https:\/\/mymodernmet.com\/wp\/wp-content\/uploads\/2019\/05\/thibaud-poirier-sacred-spaces-12-768x576.jpg 768w, https:\/\/mymodernmet.com\/wp\/wp-content\/uploads\/2019\/05\/thibaud-poirier-sacred-spaces-12-1024x768.jpg 1024w\" sizes=\"(max-width: 1100px) 100vw, 1100px\" \/><\/noscript><img decoding=\"async\" aria-describedby=\"caption-attachment-206341\" class=\"lazyload wp-image-206341 size-full\" src=\"data:image\/svg+xml,&lt;svg xmlns=&quot;http:\/\/www.w3.org\/2000\/svg&quot; viewBox=&quot;0 0 1100 825&quot;&gt;&lt;\/svg&gt;\" data-src=\"https:\/\/mymodernmet.com\/wp\/wp-content\/uploads\/2019\/05\/thibaud-poirier-sacred-spaces-12.jpg\" alt=\"arquitectura modernista\" width=\"1100\" height=\"825\" data-srcset=\"https:\/\/mymodernmet.com\/wp\/wp-content\/uploads\/2019\/05\/thibaud-poirier-sacred-spaces-12.jpg 1100w, https:\/\/mymodernmet.com\/wp\/wp-content\/uploads\/2019\/05\/thibaud-poirier-sacred-spaces-12-300x225.jpg 300w, https:\/\/mymodernmet.com\/wp\/wp-content\/uploads\/2019\/05\/thibaud-poirier-sacred-spaces-12-768x576.jpg 768w, https:\/\/mymodernmet.com\/wp\/wp-content\/uploads\/2019\/05\/thibaud-poirier-sacred-spaces-12-1024x768.jpg 1024w\" sizes=\"(max-width: 1100px) 100vw, 1100px\" \/><p id=\"caption-attachment-206341\" class=\"wp-caption-text\">Notre Dame du Royan, Royan, Francia (Guillaume Gillet, 1958)<\/p><\/div>\n<div id=\"attachment_206347\" style=\"width: 1110px\" class=\"wp-caption alignnone\"><noscript><img decoding=\"async\" aria-describedby=\"caption-attachment-206347\" class=\"lazyload wp-image-206347 size-full\" src=\"https:\/\/mymodernmet.com\/wp\/wp-content\/uploads\/2019\/05\/thibaud-poirier-sacred-spaces-15.jpg\" alt=\"arquitectura modernista\" width=\"1100\" height=\"880\" srcset=\"https:\/\/mymodernmet.com\/wp\/wp-content\/uploads\/2019\/05\/thibaud-poirier-sacred-spaces-15.jpg 1100w, https:\/\/mymodernmet.com\/wp\/wp-content\/uploads\/2019\/05\/thibaud-poirier-sacred-spaces-15-300x240.jpg 300w, https:\/\/mymodernmet.com\/wp\/wp-content\/uploads\/2019\/05\/thibaud-poirier-sacred-spaces-15-768x614.jpg 768w, https:\/\/mymodernmet.com\/wp\/wp-content\/uploads\/2019\/05\/thibaud-poirier-sacred-spaces-15-1024x819.jpg 1024w\" sizes=\"(max-width: 1100px) 100vw, 1100px\" \/><\/noscript><img decoding=\"async\" aria-describedby=\"caption-attachment-206347\" class=\"lazyload wp-image-206347 size-full\" src=\"data:image\/svg+xml,&lt;svg xmlns=&quot;http:\/\/www.w3.org\/2000\/svg&quot; viewBox=&quot;0 0 1100 880&quot;&gt;&lt;\/svg&gt;\" data-src=\"https:\/\/mymodernmet.com\/wp\/wp-content\/uploads\/2019\/05\/thibaud-poirier-sacred-spaces-15.jpg\" alt=\"arquitectura modernista\" width=\"1100\" height=\"880\" data-srcset=\"https:\/\/mymodernmet.com\/wp\/wp-content\/uploads\/2019\/05\/thibaud-poirier-sacred-spaces-15.jpg 1100w, https:\/\/mymodernmet.com\/wp\/wp-content\/uploads\/2019\/05\/thibaud-poirier-sacred-spaces-15-300x240.jpg 300w, https:\/\/mymodernmet.com\/wp\/wp-content\/uploads\/2019\/05\/thibaud-poirier-sacred-spaces-15-768x614.jpg 768w, https:\/\/mymodernmet.com\/wp\/wp-content\/uploads\/2019\/05\/thibaud-poirier-sacred-spaces-15-1024x819.jpg 1024w\" sizes=\"(max-width: 1100px) 100vw, 1100px\" \/><p id=\"caption-attachment-206347\" class=\"wp-caption-text\">Notre dame du Ch&ecirc;ne, Viroflay, Francia (Louis, Luc y Thierry Sainsaulieu, 1966)<\/p><\/div>\n<div id=\"attachment_206351\" style=\"width: 1110px\" class=\"wp-caption alignnone\"><noscript><img decoding=\"async\" aria-describedby=\"caption-attachment-206351\" class=\"lazyload wp-image-206351 size-full\" src=\"https:\/\/mymodernmet.com\/wp\/wp-content\/uploads\/2019\/05\/thibaud-poirier-sacred-spaces-17.jpg\" alt=\"iglesias modernas\" width=\"1100\" height=\"825\" srcset=\"https:\/\/mymodernmet.com\/wp\/wp-content\/uploads\/2019\/05\/thibaud-poirier-sacred-spaces-17.jpg 1100w, https:\/\/mymodernmet.com\/wp\/wp-content\/uploads\/2019\/05\/thibaud-poirier-sacred-spaces-17-300x225.jpg 300w, https:\/\/mymodernmet.com\/wp\/wp-content\/uploads\/2019\/05\/thibaud-poirier-sacred-spaces-17-768x576.jpg 768w, https:\/\/mymodernmet.com\/wp\/wp-content\/uploads\/2019\/05\/thibaud-poirier-sacred-spaces-17-1024x768.jpg 1024w\" sizes=\"(max-width: 1100px) 100vw, 1100px\" \/><\/noscript><img decoding=\"async\" aria-describedby=\"caption-attachment-206351\" class=\"lazyload wp-image-206351 size-full\" src=\"data:image\/svg+xml,&lt;svg xmlns=&quot;http:\/\/www.w3.org\/2000\/svg&quot; viewBox=&quot;0 0 1100 825&quot;&gt;&lt;\/svg&gt;\" data-src=\"https:\/\/mymodernmet.com\/wp\/wp-content\/uploads\/2019\/05\/thibaud-poirier-sacred-spaces-17.jpg\" alt=\"iglesias modernas\" width=\"1100\" height=\"825\" data-srcset=\"https:\/\/mymodernmet.com\/wp\/wp-content\/uploads\/2019\/05\/thibaud-poirier-sacred-spaces-17.jpg 1100w, https:\/\/mymodernmet.com\/wp\/wp-content\/uploads\/2019\/05\/thibaud-poirier-sacred-spaces-17-300x225.jpg 300w, https:\/\/mymodernmet.com\/wp\/wp-content\/uploads\/2019\/05\/thibaud-poirier-sacred-spaces-17-768x576.jpg 768w, https:\/\/mymodernmet.com\/wp\/wp-content\/uploads\/2019\/05\/thibaud-poirier-sacred-spaces-17-1024x768.jpg 1024w\" sizes=\"(max-width: 1100px) 100vw, 1100px\" \/><p id=\"caption-attachment-206351\" class=\"wp-caption-text\">Notre-Dame-du-Travail, Par&iacute;s, Francia (Jule-Godefroy Astruc, 1902)<\/p><\/div>\n<div id=\"attachment_206371\" style=\"width: 1110px\" class=\"wp-caption alignnone\"><noscript><img decoding=\"async\" aria-describedby=\"caption-attachment-206371\" class=\"lazyload wp-image-206371 size-full\" src=\"https:\/\/mymodernmet.com\/wp\/wp-content\/uploads\/2019\/05\/thibaud-poirier-sacred-spaces-26.jpg\" alt=\"iglesias modernas\" width=\"1100\" height=\"880\" srcset=\"https:\/\/mymodernmet.com\/wp\/wp-content\/uploads\/2019\/05\/thibaud-poirier-sacred-spaces-26.jpg 1100w, https:\/\/mymodernmet.com\/wp\/wp-content\/uploads\/2019\/05\/thibaud-poirier-sacred-spaces-26-300x240.jpg 300w, https:\/\/mymodernmet.com\/wp\/wp-content\/uploads\/2019\/05\/thibaud-poirier-sacred-spaces-26-768x614.jpg 768w, https:\/\/mymodernmet.com\/wp\/wp-content\/uploads\/2019\/05\/thibaud-poirier-sacred-spaces-26-1024x819.jpg 1024w\" sizes=\"(max-width: 1100px) 100vw, 1100px\" \/><\/noscript><img decoding=\"async\" aria-describedby=\"caption-attachment-206371\" class=\"lazyload wp-image-206371 size-full\" src=\"data:image\/svg+xml,&lt;svg xmlns=&quot;http:\/\/www.w3.org\/2000\/svg&quot; viewBox=&quot;0 0 1100 880&quot;&gt;&lt;\/svg&gt;\" data-src=\"https:\/\/mymodernmet.com\/wp\/wp-content\/uploads\/2019\/05\/thibaud-poirier-sacred-spaces-26.jpg\" alt=\"iglesias modernas\" width=\"1100\" height=\"880\" data-srcset=\"https:\/\/mymodernmet.com\/wp\/wp-content\/uploads\/2019\/05\/thibaud-poirier-sacred-spaces-26.jpg 1100w, https:\/\/mymodernmet.com\/wp\/wp-content\/uploads\/2019\/05\/thibaud-poirier-sacred-spaces-26-300x240.jpg 300w, https:\/\/mymodernmet.com\/wp\/wp-content\/uploads\/2019\/05\/thibaud-poirier-sacred-spaces-26-768x614.jpg 768w, https:\/\/mymodernmet.com\/wp\/wp-content\/uploads\/2019\/05\/thibaud-poirier-sacred-spaces-26-1024x819.jpg 1024w\" sizes=\"(max-width: 1100px) 100vw, 1100px\" \/><p id=\"caption-attachment-206371\" class=\"wp-caption-text\">Kapelle, Berl&iacute;n, Alemania (Axel Schultes y Charlotte Frank, 1999)<\/p><\/div>\n<div id=\"attachment_206375\" style=\"width: 1110px\" class=\"wp-caption alignnone\"><noscript><img decoding=\"async\" aria-describedby=\"caption-attachment-206375\" class=\"lazyload wp-image-206375 size-full\" src=\"https:\/\/mymodernmet.com\/wp\/wp-content\/uploads\/2019\/05\/thibaud-poirier-sacred-spaces-28.jpg\" alt=\"iglesias modernas\" width=\"1100\" height=\"825\" srcset=\"https:\/\/mymodernmet.com\/wp\/wp-content\/uploads\/2019\/05\/thibaud-poirier-sacred-spaces-28.jpg 1100w, https:\/\/mymodernmet.com\/wp\/wp-content\/uploads\/2019\/05\/thibaud-poirier-sacred-spaces-28-300x225.jpg 300w, https:\/\/mymodernmet.com\/wp\/wp-content\/uploads\/2019\/05\/thibaud-poirier-sacred-spaces-28-768x576.jpg 768w, https:\/\/mymodernmet.com\/wp\/wp-content\/uploads\/2019\/05\/thibaud-poirier-sacred-spaces-28-1024x768.jpg 1024w\" sizes=\"(max-width: 1100px) 100vw, 1100px\" \/><\/noscript><img decoding=\"async\" aria-describedby=\"caption-attachment-206375\" class=\"lazyload wp-image-206375 size-full\" src=\"data:image\/svg+xml,&lt;svg xmlns=&quot;http:\/\/www.w3.org\/2000\/svg&quot; viewBox=&quot;0 0 1100 825&quot;&gt;&lt;\/svg&gt;\" data-src=\"https:\/\/mymodernmet.com\/wp\/wp-content\/uploads\/2019\/05\/thibaud-poirier-sacred-spaces-28.jpg\" alt=\"iglesias modernas\" width=\"1100\" height=\"825\" data-srcset=\"https:\/\/mymodernmet.com\/wp\/wp-content\/uploads\/2019\/05\/thibaud-poirier-sacred-spaces-28.jpg 1100w, https:\/\/mymodernmet.com\/wp\/wp-content\/uploads\/2019\/05\/thibaud-poirier-sacred-spaces-28-300x225.jpg 300w, https:\/\/mymodernmet.com\/wp\/wp-content\/uploads\/2019\/05\/thibaud-poirier-sacred-spaces-28-768x576.jpg 768w, https:\/\/mymodernmet.com\/wp\/wp-content\/uploads\/2019\/05\/thibaud-poirier-sacred-spaces-28-1024x768.jpg 1024w\" sizes=\"(max-width: 1100px) 100vw, 1100px\" \/><p id=\"caption-attachment-206375\" class=\"wp-caption-text\">Saint Moritz, Augsburgo, Alemania (John Pawson, 2013)<\/p><\/div>\n<h4><strong>Thibaud Poirier: <a href=\"http:\/\/www.thibaudpoirier.com\" target=\"_blank\" rel=\"noopener noreferrer\">Sitio web<\/a>&nbsp;| <a href=\"https:\/\/www.facebook.com\/thibaudpoirierphotography\/\" target=\"_blank\" rel=\"noopener noreferrer\">Facebook<\/a> | <a href=\"https:\/\/www.instagram.com\/tibman\/\" target=\"_blank\" rel=\"noopener noreferrer\">Instagram<\/a> | <a href=\"https:\/\/www.behance.net\/thibaudpoirier\" target=\"_blank\" rel=\"noopener noreferrer\">Behance<\/a><\/strong><\/h4>\n<h4><em>My Modern Met obtuvo permiso de <strong>Thibaud Poirier para reproducir estas im&aacute;genes<\/strong>.<\/em><\/h4>\n<h2><span style=\"text-decoration: underline;\">Art&iacute;culos relacionados:<\/span><\/h2>\n<p><a href=\"https:\/\/mymodernmet.com\/es\/john-pawson-capilla-madera\/\" target=\"_blank\" rel=\"noopener noreferrer\">Hermosa capilla hecha de 61 bloques de le&ntilde;a &ldquo;brota&rdquo; en el bosque de Bavaria<\/a><\/p>\n<p><a href=\"https:\/\/mymodernmet.com\/es\/vitrales-famosos\/\" target=\"_blank\" rel=\"noopener noreferrer\">7 De los vitrales m&aacute;s hermosos del mundo<\/a><\/p>\n<p><a href=\"https:\/\/mymodernmet.com\/es\/candida-hofer-in-mexico\/\" target=\"_blank\" rel=\"noopener noreferrer\">600 A&ntilde;os de arquitectura mexicana capturados en fotograf&iacute;as de gran formato<\/a><\/p>\n","protected":false},"excerpt":{"rendered":"<p>El fot&oacute;grafo Thibaud Poirier, quien reside en Par&iacute;s, viaja por todo el mundo para capturar la belleza y diversidad del dise&ntilde;o de interiores. Ya sea que retrate la sorprendente simetr&iacute;a de las bibliotecas alrededor del planeta o que pase un tiempo en una sola zona para estudiar los singulares recintos de una misma cuidad, Poirier [&hellip;]<\/p>\n","protected":false},"author":320,"featured_media":0,"comment_status":"closed","ping_status":"closed","sticky":false,"template":"","format":"standard","meta":{"_acf_changed":false,"om_disable_all_campaigns":false,"footnotes":""},"categories":[168387],"tags":[169605,244031,244030,182244,244032,244036,169274,172564,244033,244034,244035,243783,244029],"class_list":["post-206654","post","type-post","status-publish","format-standard","hentry","category-arquitectura","tag-arquitectura","tag-arquitectura-de-iglesia","tag-arquitectura-de-iglesias","tag-arquitectura-moderna","tag-arquitectura-modernista","tag-espacios-sagrados","tag-fotografia","tag-fotografia-de-arquitectura","tag-iglesias-modernas","tag-iglesias-modernistas","tag-lugares-sagrados","tag-sacred-spaces","tag-thibaud-poirier-es"],"acf":[],"yoast_head":"<!-- This site is optimized with the Yoast SEO Premium plugin v26.6 (Yoast SEO v26.6) - https:\/\/yoast.com\/wordpress\/plugins\/seo\/ -->\n<title>Sacred Spaces: Un vistazo a las iglesias modernas del mundo<\/title>\n<meta name=\"description\" content=\"Con su proyecto Sacred Spaces, el fot\u00f3grafo parisino Thibaud Poirier nos muestra la diversidad de las iglesias modernas alrededor del mundo\" \/>\n<meta name=\"robots\" content=\"index, follow, max-snippet:-1, max-image-preview:large, max-video-preview:-1\" \/>\n<link rel=\"canonical\" href=\"https:\/\/mymodernmet.com\/es\/sacred-spaces-iglesias-modernas\/\" \/>\n<link rel=\"next\" href=\"https:\/\/mymodernmet.com\/es\/sacred-spaces-iglesias-modernas\/2\/\" \/>\n<meta property=\"og:locale\" content=\"es_ES\" \/>\n<meta property=\"og:type\" content=\"article\" \/>\n<meta property=\"og:title\" content=\"Sacred Spaces: Un vistazo a la arquitectura de las iglesias modernas alrededor del mundo\" \/>\n<meta property=\"og:description\" content=\"La uni\u00f3n entre la tradici\u00f3n y una nueva perspectiva arquitect\u00f3nica.\" \/>\n<meta property=\"og:url\" content=\"https:\/\/mymodernmet.com\/es\/sacred-spaces-iglesias-modernas\/\" \/>\n<meta property=\"og:site_name\" content=\"My Modern Met en Espa\u00f1ol\" \/>\n<meta property=\"article:publisher\" content=\"https:\/\/www.facebook.com\/mymodernmet\" \/>\n<meta property=\"article:published_time\" content=\"2019-05-15T19:55:39+00:00\" \/>\n<meta property=\"og:image\" content=\"https:\/\/mymodernmet.com\/wp\/wp-content\/uploads\/2019\/05\/thibaud-poirier-sacred-spaces-thumbnail.jpg\" \/>\n\t<meta property=\"og:image:width\" content=\"1200\" \/>\n\t<meta property=\"og:image:height\" content=\"628\" \/>\n\t<meta property=\"og:image:type\" content=\"image\/jpeg\" \/>\n<meta name=\"author\" content=\"Regina Sienra\" \/>\n<meta name=\"twitter:card\" content=\"summary_large_image\" \/>\n<meta name=\"twitter:title\" content=\"Sacred Spaces: Un vistazo a la arquitectura de las iglesias modernas\" \/>\n<meta name=\"twitter:description\" content=\"La uni\u00f3n entre la tradici\u00f3n y una nueva perspectiva arquitect\u00f3nica.\" \/>\n<meta name=\"twitter:image\" content=\"https:\/\/mymodernmet.com\/wp\/wp-content\/uploads\/2019\/05\/thibaud-poirier-sacred-spaces-thumbnail.jpg\" \/>\n<meta name=\"twitter:creator\" content=\"@mymodernmet\" \/>\n<meta name=\"twitter:site\" content=\"@mymodernmetes\" \/>\n<meta name=\"twitter:label1\" content=\"Written by\" \/>\n\t<meta name=\"twitter:data1\" content=\"Regina Sienra\" \/>\n\t<meta name=\"twitter:label2\" content=\"Est. reading time\" \/>\n\t<meta name=\"twitter:data2\" content=\"4 minutes\" \/>\n<script type=\"application\/ld+json\" class=\"yoast-schema-graph\">{\"@context\":\"https:\/\/schema.org\",\"@graph\":[{\"@type\":\"Article\",\"@id\":\"https:\/\/mymodernmet.com\/es\/sacred-spaces-iglesias-modernas\/#article\",\"isPartOf\":{\"@id\":\"https:\/\/mymodernmet.com\/es\/sacred-spaces-iglesias-modernas\/\"},\"author\":{\"name\":\"Regina Sienra\",\"@id\":\"https:\/\/mymodernmet.com\/es\/#\/schema\/person\/968140d08ad6b9d778e1ad2f37ffe3f7\"},\"headline\":\"Sacred Spaces: Un vistazo a la arquitectura de las iglesias modernas alrededor del mundo\",\"datePublished\":\"2019-05-15T19:55:39+00:00\",\"mainEntityOfPage\":{\"@id\":\"https:\/\/mymodernmet.com\/es\/sacred-spaces-iglesias-modernas\/\"},\"wordCount\":743,\"publisher\":{\"@id\":\"https:\/\/mymodernmet.com\/es\/#organization\"},\"image\":{\"@id\":\"https:\/\/mymodernmet.com\/es\/sacred-spaces-iglesias-modernas\/#primaryimage\"},\"thumbnailUrl\":\"https:\/\/mymodernmet.com\/wp\/wp-content\/uploads\/2019\/05\/thibaud-poirier-sacred-spaces-3.jpg\",\"keywords\":[\"arquitectura\",\"arquitectura de iglesia\",\"arquitectura de iglesias\",\"arquitectura moderna\",\"arquitectura modernista\",\"espacios sagrados\",\"fotograf\u00eda\",\"fotograf\u00eda de arquitectura\",\"iglesias modernas\",\"iglesias modernistas\",\"lugares sagrados\",\"sacred spaces\",\"thibaud poirier\"],\"articleSection\":[\"Arquitectura\"],\"inLanguage\":\"es-ES\",\"copyrightYear\":\"2019\",\"copyrightHolder\":{\"@id\":\"https:\/\/mymodernmet.com\/#organization\"}},{\"@type\":\"WebPage\",\"@id\":\"https:\/\/mymodernmet.com\/es\/sacred-spaces-iglesias-modernas\/\",\"url\":\"https:\/\/mymodernmet.com\/es\/sacred-spaces-iglesias-modernas\/\",\"name\":\"Sacred Spaces: Un vistazo a las iglesias modernas del mundo\",\"isPartOf\":{\"@id\":\"https:\/\/mymodernmet.com\/es\/#website\"},\"primaryImageOfPage\":{\"@id\":\"https:\/\/mymodernmet.com\/es\/sacred-spaces-iglesias-modernas\/#primaryimage\"},\"image\":{\"@id\":\"https:\/\/mymodernmet.com\/es\/sacred-spaces-iglesias-modernas\/#primaryimage\"},\"thumbnailUrl\":\"https:\/\/mymodernmet.com\/wp\/wp-content\/uploads\/2019\/05\/thibaud-poirier-sacred-spaces-3.jpg\",\"datePublished\":\"2019-05-15T19:55:39+00:00\",\"description\":\"Con su proyecto Sacred Spaces, el fot\u00f3grafo parisino Thibaud Poirier nos muestra la diversidad de las iglesias modernas alrededor del mundo\",\"breadcrumb\":{\"@id\":\"https:\/\/mymodernmet.com\/es\/sacred-spaces-iglesias-modernas\/#breadcrumb\"},\"inLanguage\":\"es-ES\",\"potentialAction\":[{\"@type\":\"ReadAction\",\"target\":[\"https:\/\/mymodernmet.com\/es\/sacred-spaces-iglesias-modernas\/\"]}]},{\"@type\":\"ImageObject\",\"inLanguage\":\"es-ES\",\"@id\":\"https:\/\/mymodernmet.com\/es\/sacred-spaces-iglesias-modernas\/#primaryimage\",\"url\":\"https:\/\/mymodernmet.com\/wp\/wp-content\/uploads\/2019\/05\/thibaud-poirier-sacred-spaces-3.jpg\",\"contentUrl\":\"https:\/\/mymodernmet.com\/wp\/wp-content\/uploads\/2019\/05\/thibaud-poirier-sacred-spaces-3.jpg\"},{\"@type\":\"BreadcrumbList\",\"@id\":\"https:\/\/mymodernmet.com\/es\/sacred-spaces-iglesias-modernas\/#breadcrumb\",\"itemListElement\":[{\"@type\":\"ListItem\",\"position\":1,\"name\":\"Home\",\"item\":\"https:\/\/mymodernmet.com\/es\/\"},{\"@type\":\"ListItem\",\"position\":2,\"name\":\"Arquitectura\"}]},{\"@type\":\"WebSite\",\"@id\":\"https:\/\/mymodernmet.com\/es\/#website\",\"url\":\"https:\/\/mymodernmet.com\/es\/\",\"name\":\"My Modern Met\",\"description\":\"The Big City That Celebrates Creative Ideas\",\"publisher\":{\"@id\":\"https:\/\/mymodernmet.com\/es\/#organization\"},\"alternateName\":\"My Modern Met\",\"potentialAction\":[{\"@type\":\"SearchAction\",\"target\":{\"@type\":\"EntryPoint\",\"urlTemplate\":\"https:\/\/mymodernmet.com\/es\/?s={search_term_string}\"},\"query-input\":{\"@type\":\"PropertyValueSpecification\",\"valueRequired\":true,\"valueName\":\"search_term_string\"}}],\"inLanguage\":\"es-ES\"},{\"@type\":\"Organization\",\"@id\":\"https:\/\/mymodernmet.com\/es\/#organization\",\"name\":\"My Modern Met\",\"alternateName\":\"My Modern Met\",\"url\":\"https:\/\/mymodernmet.com\/es\/\",\"logo\":{\"@type\":\"ImageObject\",\"inLanguage\":\"es-ES\",\"@id\":\"https:\/\/mymodernmet.com\/es\/#\/schema\/logo\/image\/\",\"url\":\"https:\/\/mymodernmet.com\/wp\/wp-content\/uploads\/2016\/12\/tumblr-logo.jpg\",\"contentUrl\":\"https:\/\/mymodernmet.com\/wp\/wp-content\/uploads\/2016\/12\/tumblr-logo.jpg\",\"width\":600,\"height\":600,\"caption\":\"My Modern Met\"},\"image\":{\"@id\":\"https:\/\/mymodernmet.com\/es\/#\/schema\/logo\/image\/\"},\"sameAs\":[\"https:\/\/www.facebook.com\/mymodernmet\",\"https:\/\/x.com\/mymodernmet\",\"https:\/\/www.instagram.com\/mymodernmet\/\",\"https:\/\/www.linkedin.com\/company\/3811009?trk=tyah&amp;amp;amp;trkInfo=clickedVertical:company,clickedEntityId:3811009,idx:2-1-2,tarId:1484473853378,tas:my modern\",\"https:\/\/www.pinterest.com\/mymodernmet\/\",\"https:\/\/www.youtube.com\/channel\/UCmiC4DC-xa6rqVJeNiRWDcQ\"]},{\"@type\":\"Person\",\"@id\":\"https:\/\/mymodernmet.com\/es\/#\/schema\/person\/968140d08ad6b9d778e1ad2f37ffe3f7\",\"name\":\"Regina Sienra\",\"image\":{\"@type\":\"ImageObject\",\"inLanguage\":\"es-ES\",\"@id\":\"https:\/\/mymodernmet.com\/es\/#\/schema\/person\/image\/\",\"url\":\"https:\/\/secure.gravatar.com\/avatar\/0b74a6cdccb33496cc44288f3df56039aab6b761220fe8727ed3bd2e6aaad66e?s=96&d=mm&r=g\",\"contentUrl\":\"https:\/\/secure.gravatar.com\/avatar\/0b74a6cdccb33496cc44288f3df56039aab6b761220fe8727ed3bd2e6aaad66e?s=96&d=mm&r=g\",\"caption\":\"Regina Sienra\"},\"description\":\"Regina Sienra es colaboradora y redactora en espa\u00f1ol para My Modern Met. Periodista y traductora originaria de la Ciudad de M\u00e9xico. Es egresada de la Universidad Nacional Aut\u00f3noma de M\u00e9xico, donde curs\u00f3 la licenciatura en Ciencias de la Comunicaci\u00f3n con especialidad en Periodismo. Su pasi\u00f3n por escribir sobre las artes visuales, la m\u00fasica, el cine, la literatura y el teatro ha dado vida a una carrera de casi 10 a\u00f1os en diversos medios culturales de M\u00e9xico, Estados Unidos y Canad\u00e1.\",\"url\":\"https:\/\/mymodernmet.com\/es\/author\/regina\/\"}]}<\/script>\n<!-- \/ Yoast SEO Premium plugin. -->","yoast_head_json":{"title":"Sacred Spaces: Un vistazo a las iglesias modernas del mundo","description":"Con su proyecto Sacred Spaces, el fot\u00f3grafo parisino Thibaud Poirier nos muestra la diversidad de las iglesias modernas alrededor del mundo","robots":{"index":"index","follow":"follow","max-snippet":"max-snippet:-1","max-image-preview":"max-image-preview:large","max-video-preview":"max-video-preview:-1"},"canonical":"https:\/\/mymodernmet.com\/es\/sacred-spaces-iglesias-modernas\/","next":"https:\/\/mymodernmet.com\/es\/sacred-spaces-iglesias-modernas\/2\/","og_locale":"es_ES","og_type":"article","og_title":"Sacred Spaces: Un vistazo a la arquitectura de las iglesias modernas alrededor del mundo","og_description":"La uni\u00f3n entre la tradici\u00f3n y una nueva perspectiva arquitect\u00f3nica.","og_url":"https:\/\/mymodernmet.com\/es\/sacred-spaces-iglesias-modernas\/","og_site_name":"My Modern Met en Espa\u00f1ol","article_publisher":"https:\/\/www.facebook.com\/mymodernmet","article_published_time":"2019-05-15T19:55:39+00:00","og_image":[{"width":1200,"height":628,"url":"https:\/\/mymodernmet.com\/wp\/wp-content\/uploads\/2019\/05\/thibaud-poirier-sacred-spaces-thumbnail.jpg","type":"image\/jpeg"}],"author":"Regina Sienra","twitter_card":"summary_large_image","twitter_title":"Sacred Spaces: Un vistazo a la arquitectura de las iglesias modernas","twitter_description":"La uni\u00f3n entre la tradici\u00f3n y una nueva perspectiva arquitect\u00f3nica.","twitter_image":"https:\/\/mymodernmet.com\/wp\/wp-content\/uploads\/2019\/05\/thibaud-poirier-sacred-spaces-thumbnail.jpg","twitter_creator":"@mymodernmet","twitter_site":"@mymodernmetes","twitter_misc":{"Written by":"Regina Sienra","Est. reading time":"4 minutes"},"schema":{"@context":"https:\/\/schema.org","@graph":[{"@type":"Article","@id":"https:\/\/mymodernmet.com\/es\/sacred-spaces-iglesias-modernas\/#article","isPartOf":{"@id":"https:\/\/mymodernmet.com\/es\/sacred-spaces-iglesias-modernas\/"},"author":{"name":"Regina Sienra","@id":"https:\/\/mymodernmet.com\/es\/#\/schema\/person\/968140d08ad6b9d778e1ad2f37ffe3f7"},"headline":"Sacred Spaces: Un vistazo a la arquitectura de las iglesias modernas alrededor del mundo","datePublished":"2019-05-15T19:55:39+00:00","mainEntityOfPage":{"@id":"https:\/\/mymodernmet.com\/es\/sacred-spaces-iglesias-modernas\/"},"wordCount":743,"publisher":{"@id":"https:\/\/mymodernmet.com\/es\/#organization"},"image":{"@id":"https:\/\/mymodernmet.com\/es\/sacred-spaces-iglesias-modernas\/#primaryimage"},"thumbnailUrl":"https:\/\/mymodernmet.com\/wp\/wp-content\/uploads\/2019\/05\/thibaud-poirier-sacred-spaces-3.jpg","keywords":["arquitectura","arquitectura de iglesia","arquitectura de iglesias","arquitectura moderna","arquitectura modernista","espacios sagrados","fotograf\u00eda","fotograf\u00eda de arquitectura","iglesias modernas","iglesias modernistas","lugares sagrados","sacred spaces","thibaud poirier"],"articleSection":["Arquitectura"],"inLanguage":"es-ES","copyrightYear":"2019","copyrightHolder":{"@id":"https:\/\/mymodernmet.com\/#organization"}},{"@type":"WebPage","@id":"https:\/\/mymodernmet.com\/es\/sacred-spaces-iglesias-modernas\/","url":"https:\/\/mymodernmet.com\/es\/sacred-spaces-iglesias-modernas\/","name":"Sacred Spaces: Un vistazo a las iglesias modernas del mundo","isPartOf":{"@id":"https:\/\/mymodernmet.com\/es\/#website"},"primaryImageOfPage":{"@id":"https:\/\/mymodernmet.com\/es\/sacred-spaces-iglesias-modernas\/#primaryimage"},"image":{"@id":"https:\/\/mymodernmet.com\/es\/sacred-spaces-iglesias-modernas\/#primaryimage"},"thumbnailUrl":"https:\/\/mymodernmet.com\/wp\/wp-content\/uploads\/2019\/05\/thibaud-poirier-sacred-spaces-3.jpg","datePublished":"2019-05-15T19:55:39+00:00","description":"Con su proyecto Sacred Spaces, el fot\u00f3grafo parisino Thibaud Poirier nos muestra la diversidad de las iglesias modernas alrededor del mundo","breadcrumb":{"@id":"https:\/\/mymodernmet.com\/es\/sacred-spaces-iglesias-modernas\/#breadcrumb"},"inLanguage":"es-ES","potentialAction":[{"@type":"ReadAction","target":["https:\/\/mymodernmet.com\/es\/sacred-spaces-iglesias-modernas\/"]}]},{"@type":"ImageObject","inLanguage":"es-ES","@id":"https:\/\/mymodernmet.com\/es\/sacred-spaces-iglesias-modernas\/#primaryimage","url":"https:\/\/mymodernmet.com\/wp\/wp-content\/uploads\/2019\/05\/thibaud-poirier-sacred-spaces-3.jpg","contentUrl":"https:\/\/mymodernmet.com\/wp\/wp-content\/uploads\/2019\/05\/thibaud-poirier-sacred-spaces-3.jpg"},{"@type":"BreadcrumbList","@id":"https:\/\/mymodernmet.com\/es\/sacred-spaces-iglesias-modernas\/#breadcrumb","itemListElement":[{"@type":"ListItem","position":1,"name":"Home","item":"https:\/\/mymodernmet.com\/es\/"},{"@type":"ListItem","position":2,"name":"Arquitectura"}]},{"@type":"WebSite","@id":"https:\/\/mymodernmet.com\/es\/#website","url":"https:\/\/mymodernmet.com\/es\/","name":"My Modern Met","description":"The Big City That Celebrates Creative Ideas","publisher":{"@id":"https:\/\/mymodernmet.com\/es\/#organization"},"alternateName":"My Modern Met","potentialAction":[{"@type":"SearchAction","target":{"@type":"EntryPoint","urlTemplate":"https:\/\/mymodernmet.com\/es\/?s={search_term_string}"},"query-input":{"@type":"PropertyValueSpecification","valueRequired":true,"valueName":"search_term_string"}}],"inLanguage":"es-ES"},{"@type":"Organization","@id":"https:\/\/mymodernmet.com\/es\/#organization","name":"My Modern Met","alternateName":"My Modern Met","url":"https:\/\/mymodernmet.com\/es\/","logo":{"@type":"ImageObject","inLanguage":"es-ES","@id":"https:\/\/mymodernmet.com\/es\/#\/schema\/logo\/image\/","url":"https:\/\/mymodernmet.com\/wp\/wp-content\/uploads\/2016\/12\/tumblr-logo.jpg","contentUrl":"https:\/\/mymodernmet.com\/wp\/wp-content\/uploads\/2016\/12\/tumblr-logo.jpg","width":600,"height":600,"caption":"My Modern Met"},"image":{"@id":"https:\/\/mymodernmet.com\/es\/#\/schema\/logo\/image\/"},"sameAs":["https:\/\/www.facebook.com\/mymodernmet","https:\/\/x.com\/mymodernmet","https:\/\/www.instagram.com\/mymodernmet\/","https:\/\/www.linkedin.com\/company\/3811009?trk=tyah&amp;amp;amp;trkInfo=clickedVertical:company,clickedEntityId:3811009,idx:2-1-2,tarId:1484473853378,tas:my modern","https:\/\/www.pinterest.com\/mymodernmet\/","https:\/\/www.youtube.com\/channel\/UCmiC4DC-xa6rqVJeNiRWDcQ"]},{"@type":"Person","@id":"https:\/\/mymodernmet.com\/es\/#\/schema\/person\/968140d08ad6b9d778e1ad2f37ffe3f7","name":"Regina Sienra","image":{"@type":"ImageObject","inLanguage":"es-ES","@id":"https:\/\/mymodernmet.com\/es\/#\/schema\/person\/image\/","url":"https:\/\/secure.gravatar.com\/avatar\/0b74a6cdccb33496cc44288f3df56039aab6b761220fe8727ed3bd2e6aaad66e?s=96&d=mm&r=g","contentUrl":"https:\/\/secure.gravatar.com\/avatar\/0b74a6cdccb33496cc44288f3df56039aab6b761220fe8727ed3bd2e6aaad66e?s=96&d=mm&r=g","caption":"Regina Sienra"},"description":"Regina Sienra es colaboradora y redactora en espa\u00f1ol para My Modern Met. Periodista y traductora originaria de la Ciudad de M\u00e9xico. Es egresada de la Universidad Nacional Aut\u00f3noma de M\u00e9xico, donde curs\u00f3 la licenciatura en Ciencias de la Comunicaci\u00f3n con especialidad en Periodismo. Su pasi\u00f3n por escribir sobre las artes visuales, la m\u00fasica, el cine, la literatura y el teatro ha dado vida a una carrera de casi 10 a\u00f1os en diversos medios culturales de M\u00e9xico, Estados Unidos y Canad\u00e1.","url":"https:\/\/mymodernmet.com\/es\/author\/regina\/"}]}},"_links":{"self":[{"href":"https:\/\/mymodernmet.com\/es\/wp-json\/wp\/v2\/posts\/206654","targetHints":{"allow":["GET"]}}],"collection":[{"href":"https:\/\/mymodernmet.com\/es\/wp-json\/wp\/v2\/posts"}],"about":[{"href":"https:\/\/mymodernmet.com\/es\/wp-json\/wp\/v2\/types\/post"}],"author":[{"embeddable":true,"href":"https:\/\/mymodernmet.com\/es\/wp-json\/wp\/v2\/users\/320"}],"replies":[{"embeddable":true,"href":"https:\/\/mymodernmet.com\/es\/wp-json\/wp\/v2\/comments?post=206654"}],"version-history":[{"count":7,"href":"https:\/\/mymodernmet.com\/es\/wp-json\/wp\/v2\/posts\/206654\/revisions"}],"predecessor-version":[{"id":206676,"href":"https:\/\/mymodernmet.com\/es\/wp-json\/wp\/v2\/posts\/206654\/revisions\/206676"}],"wp:attachment":[{"href":"https:\/\/mymodernmet.com\/es\/wp-json\/wp\/v2\/media?parent=206654"}],"wp:term":[{"taxonomy":"category","embeddable":true,"href":"https:\/\/mymodernmet.com\/es\/wp-json\/wp\/v2\/categories?post=206654"},{"taxonomy":"post_tag","embeddable":true,"href":"https:\/\/mymodernmet.com\/es\/wp-json\/wp\/v2\/tags?post=206654"}],"curies":[{"name":"wp","href":"https:\/\/api.w.org\/{rel}","templated":true}]}}