{"id":218144,"date":"2019-07-08T12:45:44","date_gmt":"2019-07-08T16:45:44","guid":{"rendered":"https:\/\/mymodernmet.com\/?p=218144"},"modified":"2019-07-08T09:32:29","modified_gmt":"2019-07-08T13:32:29","slug":"exposiciones-arte-julio-2019","status":"publish","type":"post","link":"https:\/\/mymodernmet.com\/es\/exposiciones-arte-julio-2019\/","title":{"rendered":"5 Exposiciones de arte que morimos por visitar este mes"},"content":{"rendered":"<blockquote class=\"instagram-media\" style=\"background: #FFF; border: 0; border-radius: 3px; box-shadow: 0 0 1px 0 rgba(0,0,0,0.5),0 1px 10px 0 rgba(0,0,0,0.15); margin: 1px; max-width: 540px; min-width: 326px; padding: 0; width: calc(100% - 2px);\" data-instgrm-permalink=\"https:\/\/www.instagram.com\/p\/BzJ5JKkg3OD\/\" data-instgrm-version=\"12\">\n<div style=\"padding: 16px;\">\n<p>&nbsp;<\/p>\n<div style=\"display: flex; flex-direction: row; align-items: center;\">\n<div style=\"background-color: #f4f4f4; border-radius: 50%; flex-grow: 0; height: 40px; margin-right: 14px; width: 40px;\"><\/div>\n<div style=\"display: flex; flex-direction: column; flex-grow: 1; justify-content: center;\">\n<div style=\"background-color: #f4f4f4; border-radius: 4px; flex-grow: 0; height: 14px; margin-bottom: 6px; width: 100px;\"><\/div>\n<div style=\"background-color: #f4f4f4; border-radius: 4px; flex-grow: 0; height: 14px; width: 60px;\"><\/div>\n<\/div>\n<\/div>\n<div style=\"padding: 19% 0;\"><\/div>\n<div style=\"display: block; height: 50px; margin: 0 auto 12px; width: 50px;\"><\/div>\n<div style=\"padding-top: 8px;\">\n<div style=\"color: #3897f0; font-family: Arial,sans-serif; font-size: 14px; font-style: normal; font-weight: 550; line-height: 18px;\">View this post on Instagram<\/div>\n<\/div>\n<div style=\"padding: 12.5% 0;\"><\/div>\n<div style=\"display: flex; flex-direction: row; margin-bottom: 14px; align-items: center;\">\n<div>\n<div style=\"background-color: #f4f4f4; border-radius: 50%; height: 12.5px; width: 12.5px; transform: translateX(0px) translateY(7px);\"><\/div>\n<div style=\"background-color: #f4f4f4; height: 12.5px; transform: rotate(-45deg) translateX(3px) translateY(1px); width: 12.5px; flex-grow: 0; margin-right: 14px; margin-left: 2px;\"><\/div>\n<div style=\"background-color: #f4f4f4; border-radius: 50%; height: 12.5px; width: 12.5px; transform: translateX(9px) translateY(-18px);\"><\/div>\n<\/div>\n<div style=\"margin-left: 8px;\">\n<div style=\"background-color: #f4f4f4; border-radius: 50%; flex-grow: 0; height: 20px; width: 20px;\"><\/div>\n<div style=\"width: 0; height: 0; border-top: 2px solid transparent; border-left: 6px solid #f4f4f4; border-bottom: 2px solid transparent; transform: translateX(16px) translateY(-4px) rotate(30deg);\"><\/div>\n<\/div>\n<div style=\"margin-left: auto;\">\n<div style=\"width: 0px; border-top: 8px solid #F4F4F4; border-right: 8px solid transparent; transform: translateY(16px);\"><\/div>\n<div style=\"background-color: #f4f4f4; flex-grow: 0; height: 12px; width: 16px; transform: translateY(-4px);\"><\/div>\n<div style=\"width: 0; height: 0; border-top: 8px solid #F4F4F4; border-left: 8px solid transparent; transform: translateY(-4px) translateX(8px);\"><\/div>\n<\/div>\n<\/div>\n<div style=\"display: flex; flex-direction: column; flex-grow: 1; justify-content: center; margin-bottom: 24px;\">\n<div style=\"background-color: #f4f4f4; border-radius: 4px; flex-grow: 0; height: 14px; margin-bottom: 6px; width: 224px;\"><\/div>\n<div style=\"background-color: #f4f4f4; border-radius: 4px; flex-grow: 0; height: 14px; width: 144px;\"><\/div>\n<\/div>\n<p>&nbsp;<\/p>\n<p style=\"color: #c9c8cd; font-family: Arial,sans-serif; font-size: 14px; line-height: 17px; margin-bottom: 0; margin-top: 8px; overflow: hidden; padding: 8px 0 7px; text-align: center; text-overflow: ellipsis; white-space: nowrap;\"><a style=\"color: #c9c8cd; font-family: Arial,sans-serif; font-size: 14px; font-style: normal; font-weight: normal; line-height: 17px; text-decoration: none;\" href=\"https:\/\/www.instagram.com\/p\/BzJ5JKkg3OD\/\" target=\"_blank\" rel=\"noopener noreferrer\">A post shared by LA County Museum of Art (@lacma)<\/a> on <time style=\"font-family: Arial,sans-serif; font-size: 14px; line-height: 17px;\" datetime=\"2019-06-26T01:29:50+00:00\">Jun 25, 2019 at 6:29pm PDT<\/time><\/p>\n<\/div>\n<\/blockquote>\n<p>El verano ya est&aacute; aqu&iacute;, por lo que probablemente est&aacute;s buscando qu&eacute; hacer en estos d&iacute;as largos. Nuestra sugerencia estacional es, definitivamente, visitar un museo. Podr&aacute;s ver exposiciones maravillosas e incluso te mantendr&aacute;s fresco; la combinaci&oacute;n ideal para un d&iacute;a de verano.<\/p>\n<p>Por fortuna, este mes est&aacute; lleno de muestras ecl&eacute;cticas y emocionantes. En nuestra selecci&oacute;n de exposiciones de julio encontrar&aacute;s arte para todos los gustos. &iquest;Qu&eacute; te suena mejor? &iquest;Quinientos a&ntilde;os de obras maestras en papel, instalaciones contempor&aacute;neas hechas de hilo, o una mezcla de &#8220;arte material&#8221;? Sea cual sea tu elecci&oacute;n, no querr&aacute;s perderte las exposiciones de este mes.<\/p>\n<h2>&iquest;Listo para pasar el verano rodeado de arte y cultura? Estas son 5 exposiciones de arte que morimos por visitar este mes.<\/h2>\n<p>&nbsp;<\/p>\n<h3><em><strong>Rembrandt to Picasso: Five Centuries of European Works on Paper<\/strong><\/em><strong> en el Museo de Brooklyn<\/strong><\/h3>\n<blockquote class=\"instagram-media\" style=\"background: #FFF; border: 0; border-radius: 3px; box-shadow: 0 0 1px 0 rgba(0,0,0,0.5),0 1px 10px 0 rgba(0,0,0,0.15); margin: 1px; max-width: 540px; min-width: 326px; padding: 0; width: calc(100% - 2px);\" data-instgrm-permalink=\"https:\/\/www.instagram.com\/p\/BzakFyuFBAA\/\" data-instgrm-version=\"12\">\n<div style=\"padding: 16px;\">\n<p>&nbsp;<\/p>\n<div style=\"display: flex; flex-direction: row; align-items: center;\">\n<div style=\"background-color: #f4f4f4; border-radius: 50%; flex-grow: 0; height: 40px; margin-right: 14px; width: 40px;\"><\/div>\n<div style=\"display: flex; flex-direction: column; flex-grow: 1; justify-content: center;\">\n<div style=\"background-color: #f4f4f4; border-radius: 4px; flex-grow: 0; height: 14px; margin-bottom: 6px; width: 100px;\"><\/div>\n<div style=\"background-color: #f4f4f4; border-radius: 4px; flex-grow: 0; height: 14px; width: 60px;\"><\/div>\n<\/div>\n<\/div>\n<div style=\"padding: 19% 0;\"><\/div>\n<div style=\"display: block; height: 50px; margin: 0 auto 12px; width: 50px;\"><\/div>\n<div style=\"padding-top: 8px;\">\n<div style=\"color: #3897f0; font-family: Arial,sans-serif; font-size: 14px; font-style: normal; font-weight: 550; line-height: 18px;\">View this post on Instagram<\/div>\n<\/div>\n<div style=\"padding: 12.5% 0;\"><\/div>\n<div style=\"display: flex; flex-direction: row; margin-bottom: 14px; align-items: center;\">\n<div>\n<div style=\"background-color: #f4f4f4; border-radius: 50%; height: 12.5px; width: 12.5px; transform: translateX(0px) translateY(7px);\"><\/div>\n<div style=\"background-color: #f4f4f4; height: 12.5px; transform: rotate(-45deg) translateX(3px) translateY(1px); width: 12.5px; flex-grow: 0; margin-right: 14px; margin-left: 2px;\"><\/div>\n<div style=\"background-color: #f4f4f4; border-radius: 50%; height: 12.5px; width: 12.5px; transform: translateX(9px) translateY(-18px);\"><\/div>\n<\/div>\n<div style=\"margin-left: 8px;\">\n<div style=\"background-color: #f4f4f4; border-radius: 50%; flex-grow: 0; height: 20px; width: 20px;\"><\/div>\n<div style=\"width: 0; height: 0; border-top: 2px solid transparent; border-left: 6px solid #f4f4f4; border-bottom: 2px solid transparent; transform: translateX(16px) translateY(-4px) rotate(30deg);\"><\/div>\n<\/div>\n<div style=\"margin-left: auto;\">\n<div style=\"width: 0px; border-top: 8px solid #F4F4F4; border-right: 8px solid transparent; transform: translateY(16px);\"><\/div>\n<div style=\"background-color: #f4f4f4; flex-grow: 0; height: 12px; width: 16px; transform: translateY(-4px);\"><\/div>\n<div style=\"width: 0; height: 0; border-top: 8px solid #F4F4F4; border-left: 8px solid transparent; transform: translateY(-4px) translateX(8px);\"><\/div>\n<\/div>\n<\/div>\n<div style=\"display: flex; flex-direction: column; flex-grow: 1; justify-content: center; margin-bottom: 24px;\">\n<div style=\"background-color: #f4f4f4; border-radius: 4px; flex-grow: 0; height: 14px; margin-bottom: 6px; width: 224px;\"><\/div>\n<div style=\"background-color: #f4f4f4; border-radius: 4px; flex-grow: 0; height: 14px; width: 144px;\"><\/div>\n<\/div>\n<p>&nbsp;<\/p>\n<p style=\"color: #c9c8cd; font-family: Arial,sans-serif; font-size: 14px; line-height: 17px; margin-bottom: 0; margin-top: 8px; overflow: hidden; padding: 8px 0 7px; text-align: center; text-overflow: ellipsis; white-space: nowrap;\"><a style=\"color: #c9c8cd; font-family: Arial,sans-serif; font-size: 14px; font-style: normal; font-weight: normal; line-height: 17px; text-decoration: none;\" href=\"https:\/\/www.instagram.com\/p\/BzakFyuFBAA\/\" target=\"_blank\" rel=\"noopener noreferrer\">A post shared by Brooklyn Museum (@brooklynmuseum)<\/a> on <time style=\"font-family: Arial,sans-serif; font-size: 14px; line-height: 17px;\" datetime=\"2019-07-02T12:52:58+00:00\">Jul 2, 2019 at 5:52am PDT<\/time><\/p>\n<\/div>\n<\/blockquote>\n<p>&iquest;Sab&iacute;as que muchos de los pintores m&aacute;s prol&iacute;ficos de la historia del arte tambi&eacute;n incursionaron en el dibujo? Con el objetivo de darle una mayor difusi&oacute;n a esta disciplina, el <a href=\"https:\/\/www.brooklynmuseum.org\" target=\"_blank\" rel=\"noopener noreferrer\">Museo de Brooklyn<\/a> ha concebido <em><a href=\"https:\/\/www.brooklynmuseum.org\/exhibitions\/rembrandt_picasso?fbclid=IwAR39PHQx1T2EfvStJUE9oNf_O0HELgRYroPx9SVuoB_5nfKVxak9gBJNwc8\" target=\"_blank\" rel=\"noopener noreferrer\">Rembrandt to Picasso: Five Centuries of European Works on Paper<\/a> (Rembrandt a Picasso: cinco siglos de trabajos europeos en papel),<\/em> una exposici&oacute;n que presenta m&aacute;s de 100 dibujos y grabados europeos de su colecci&oacute;n permanente.<\/p>\n<p>Aunque la exposici&oacute;n se enfoca por completo en el dibujo, <em>Rembrandt to Picasso: Five Centuries of European Works on Paper&nbsp;<\/em>es sorprendentemente ecl&eacute;ctica, algo que la muestra debe tanto a su cronolog&iacute;a integral como a los diversos enfoques de los artistas. &#8220;Dibujado directamente en papel o en una placa de impresi&oacute;n, en gestos amplios o marcas precisas&#8221;, explica el museo, &#8220;estas obras transmiten la presencia v&iacute;vida de la mano del artista&#8221;, desde &#8220;los bocetos espont&aacute;neos de Rembrandt, hasta las gruesas l&iacute;neas de grafito de <a href=\"https:\/\/mymodernmet.com\/es\/periodos-pablo-picasso\/\" target=\"_blank\" rel=\"noopener noreferrer\">Pablo Picasso<\/a>&#8220;.<\/p>\n<p><em>Rembrandt to Picasso: Five Centuries of European Works on Paper<\/em> estar&aacute; abierta al p&uacute;blico hasta el 13 de octubre de 2019.<\/p>\n<p>&nbsp;<\/p>\n<h3><strong><em>Dora Maar<\/em> en el Centro Pompidou<\/strong><\/h3>\n<blockquote class=\"instagram-media\" style=\"background: #FFF; border: 0; border-radius: 3px; box-shadow: 0 0 1px 0 rgba(0,0,0,0.5),0 1px 10px 0 rgba(0,0,0,0.15); margin: 1px; max-width: 540px; min-width: 326px; padding: 0; width: calc(100% - 2px);\" data-instgrm-permalink=\"https:\/\/www.instagram.com\/p\/ByPX7EUiJG5\/\" data-instgrm-version=\"12\">\n<div style=\"padding: 16px;\">\n<p>&nbsp;<\/p>\n<div style=\"display: flex; flex-direction: row; align-items: center;\">\n<div style=\"background-color: #f4f4f4; border-radius: 50%; flex-grow: 0; height: 40px; margin-right: 14px; width: 40px;\"><\/div>\n<div style=\"display: flex; flex-direction: column; flex-grow: 1; justify-content: center;\">\n<div style=\"background-color: #f4f4f4; border-radius: 4px; flex-grow: 0; height: 14px; margin-bottom: 6px; width: 100px;\"><\/div>\n<div style=\"background-color: #f4f4f4; border-radius: 4px; flex-grow: 0; height: 14px; width: 60px;\"><\/div>\n<\/div>\n<\/div>\n<div style=\"padding: 19% 0;\"><\/div>\n<div style=\"display: block; height: 50px; margin: 0 auto 12px; width: 50px;\"><\/div>\n<div style=\"padding-top: 8px;\">\n<div style=\"color: #3897f0; font-family: Arial,sans-serif; font-size: 14px; font-style: normal; font-weight: 550; line-height: 18px;\">View this post on Instagram<\/div>\n<\/div>\n<div style=\"padding: 12.5% 0;\"><\/div>\n<div style=\"display: flex; flex-direction: row; margin-bottom: 14px; align-items: center;\">\n<div>\n<div style=\"background-color: #f4f4f4; border-radius: 50%; height: 12.5px; width: 12.5px; transform: translateX(0px) translateY(7px);\"><\/div>\n<div style=\"background-color: #f4f4f4; height: 12.5px; transform: rotate(-45deg) translateX(3px) translateY(1px); width: 12.5px; flex-grow: 0; margin-right: 14px; margin-left: 2px;\"><\/div>\n<div style=\"background-color: #f4f4f4; border-radius: 50%; height: 12.5px; width: 12.5px; transform: translateX(9px) translateY(-18px);\"><\/div>\n<\/div>\n<div style=\"margin-left: 8px;\">\n<div style=\"background-color: #f4f4f4; border-radius: 50%; flex-grow: 0; height: 20px; width: 20px;\"><\/div>\n<div style=\"width: 0; height: 0; border-top: 2px solid transparent; border-left: 6px solid #f4f4f4; border-bottom: 2px solid transparent; transform: translateX(16px) translateY(-4px) rotate(30deg);\"><\/div>\n<\/div>\n<div style=\"margin-left: auto;\">\n<div style=\"width: 0px; border-top: 8px solid #F4F4F4; border-right: 8px solid transparent; transform: translateY(16px);\"><\/div>\n<div style=\"background-color: #f4f4f4; flex-grow: 0; height: 12px; width: 16px; transform: translateY(-4px);\"><\/div>\n<div style=\"width: 0; height: 0; border-top: 8px solid #F4F4F4; border-left: 8px solid transparent; transform: translateY(-4px) translateX(8px);\"><\/div>\n<\/div>\n<\/div>\n<div style=\"display: flex; flex-direction: column; flex-grow: 1; justify-content: center; margin-bottom: 24px;\">\n<div style=\"background-color: #f4f4f4; border-radius: 4px; flex-grow: 0; height: 14px; margin-bottom: 6px; width: 224px;\"><\/div>\n<div style=\"background-color: #f4f4f4; border-radius: 4px; flex-grow: 0; height: 14px; width: 144px;\"><\/div>\n<\/div>\n<p>&nbsp;<\/p>\n<p style=\"color: #c9c8cd; font-family: Arial,sans-serif; font-size: 14px; line-height: 17px; margin-bottom: 0; margin-top: 8px; overflow: hidden; padding: 8px 0 7px; text-align: center; text-overflow: ellipsis; white-space: nowrap;\"><a style=\"color: #c9c8cd; font-family: Arial,sans-serif; font-size: 14px; font-style: normal; font-weight: normal; line-height: 17px; text-decoration: none;\" href=\"https:\/\/www.instagram.com\/p\/ByPX7EUiJG5\/\" target=\"_blank\" rel=\"noopener noreferrer\">A post shared by Centre Pompidou (@centrepompidou)<\/a> on <time style=\"font-family: Arial,sans-serif; font-size: 14px; line-height: 17px;\" datetime=\"2019-06-03T08:03:36+00:00\">Jun 3, 2019 at 1:03am PDT<\/time><\/p>\n<\/div>\n<\/blockquote>\n<p>Otra artista que explor&oacute; m&uacute;ltiples medios art&iacute;sticos fue Dora Maar, una surrealista francesa que destac&oacute; tanto en la fotograf&iacute;a como en la pintura. Para mostrar su destreza de estas disciplinas, el <a href=\"https:\/\/www.centrepompidou.fr\" target=\"_blank\" rel=\"noopener noreferrer\">Centro Pompidou<\/a> de Par&iacute;s presenta <em><a href=\"https:\/\/www.centrepompidou.fr\/cpv\/agenda\/event.action?param.id=FR_R-eab607d482469dcff5fa56975c3b8ff&param.idSource=FR_E-eab607d482469dcff5fa56975c3b8ff&fbclid=IwAR0ySQ1b9WwuSlChpNvd-ZeesGD6Z5mAuUkcXi95QwGTmO7PcgF1DjcrFYY\" target=\"_blank\" rel=\"noopener noreferrer\">Dora Maar<\/a><\/em>, una exposici&oacute;n hist&oacute;rica dedicada a la vida y obra de esta artista infravalorada.<em><br \/>\n<\/em><\/p>\n<p>Con m&aacute;s de 500 objetos, esta muestra es la retrospectiva m&aacute;s grande de Dora Maar que se ha hecho en Francia. Aunque Maar es conocida por algunas personas por su vida personal y sus controversias (por ejemplo, la artista estuvo en una relaci&oacute;n t&oacute;xica con Pablo Picasso), el Pompidou busca revelar otra faceta de Maar con una revisi&oacute;n a la vida de &#8220;una artista consumada y una intelectual libre e independiente&#8221;.<\/p>\n<p><em>Dora Maar&nbsp;<\/em>cierra el 29 de julio de 2019.<\/p>\n<p>&nbsp;<\/p>\n<h3 class=\"heading\"><strong><em>See and Be Seen: Picturing Notoriety&nbsp;<\/em>en el Museo de Arte Norton<\/strong><\/h3>\n<blockquote class=\"instagram-media\" style=\"background: #FFF; border: 0; border-radius: 3px; box-shadow: 0 0 1px 0 rgba(0,0,0,0.5),0 1px 10px 0 rgba(0,0,0,0.15); margin: 1px; max-width: 540px; min-width: 326px; padding: 0; width: calc(100% - 2px);\" data-instgrm-permalink=\"https:\/\/www.instagram.com\/p\/BxSaldCnOKc\/\" data-instgrm-version=\"12\">\n<div style=\"padding: 16px;\">\n<p>&nbsp;<\/p>\n<div style=\"display: flex; flex-direction: row; align-items: center;\">\n<div style=\"background-color: #f4f4f4; border-radius: 50%; flex-grow: 0; height: 40px; margin-right: 14px; width: 40px;\"><\/div>\n<div style=\"display: flex; flex-direction: column; flex-grow: 1; justify-content: center;\">\n<div style=\"background-color: #f4f4f4; border-radius: 4px; flex-grow: 0; height: 14px; margin-bottom: 6px; width: 100px;\"><\/div>\n<div style=\"background-color: #f4f4f4; border-radius: 4px; flex-grow: 0; height: 14px; width: 60px;\"><\/div>\n<\/div>\n<\/div>\n<div style=\"padding: 19% 0;\"><\/div>\n<div style=\"display: block; height: 50px; margin: 0 auto 12px; width: 50px;\"><\/div>\n<div style=\"padding-top: 8px;\">\n<div style=\"color: #3897f0; font-family: Arial,sans-serif; font-size: 14px; font-style: normal; font-weight: 550; line-height: 18px;\">View this post on Instagram<\/div>\n<\/div>\n<div style=\"padding: 12.5% 0;\"><\/div>\n<div style=\"display: flex; flex-direction: row; margin-bottom: 14px; align-items: center;\">\n<div>\n<div style=\"background-color: #f4f4f4; border-radius: 50%; height: 12.5px; width: 12.5px; transform: translateX(0px) translateY(7px);\"><\/div>\n<div style=\"background-color: #f4f4f4; height: 12.5px; transform: rotate(-45deg) translateX(3px) translateY(1px); width: 12.5px; flex-grow: 0; margin-right: 14px; margin-left: 2px;\"><\/div>\n<div style=\"background-color: #f4f4f4; border-radius: 50%; height: 12.5px; width: 12.5px; transform: translateX(9px) translateY(-18px);\"><\/div>\n<\/div>\n<div style=\"margin-left: 8px;\">\n<div style=\"background-color: #f4f4f4; border-radius: 50%; flex-grow: 0; height: 20px; width: 20px;\"><\/div>\n<div style=\"width: 0; height: 0; border-top: 2px solid transparent; border-left: 6px solid #f4f4f4; border-bottom: 2px solid transparent; transform: translateX(16px) translateY(-4px) rotate(30deg);\"><\/div>\n<\/div>\n<div style=\"margin-left: auto;\">\n<div style=\"width: 0px; border-top: 8px solid #F4F4F4; border-right: 8px solid transparent; transform: translateY(16px);\"><\/div>\n<div style=\"background-color: #f4f4f4; flex-grow: 0; height: 12px; width: 16px; transform: translateY(-4px);\"><\/div>\n<div style=\"width: 0; height: 0; border-top: 8px solid #F4F4F4; border-left: 8px solid transparent; transform: translateY(-4px) translateX(8px);\"><\/div>\n<\/div>\n<\/div>\n<div style=\"display: flex; flex-direction: column; flex-grow: 1; justify-content: center; margin-bottom: 24px;\">\n<div style=\"background-color: #f4f4f4; border-radius: 4px; flex-grow: 0; height: 14px; margin-bottom: 6px; width: 224px;\"><\/div>\n<div style=\"background-color: #f4f4f4; border-radius: 4px; flex-grow: 0; height: 14px; width: 144px;\"><\/div>\n<\/div>\n<p>&nbsp;<\/p>\n<p style=\"color: #c9c8cd; font-family: Arial,sans-serif; font-size: 14px; line-height: 17px; margin-bottom: 0; margin-top: 8px; overflow: hidden; padding: 8px 0 7px; text-align: center; text-overflow: ellipsis; white-space: nowrap;\"><a style=\"color: #c9c8cd; font-family: Arial,sans-serif; font-size: 14px; font-style: normal; font-weight: normal; line-height: 17px; text-decoration: none;\" href=\"https:\/\/www.instagram.com\/p\/BxSaldCnOKc\/\" target=\"_blank\" rel=\"noopener noreferrer\">A post shared by Norton Museum of Art (@nortonmuseumofart)<\/a> on <time style=\"font-family: Arial,sans-serif; font-size: 14px; line-height: 17px;\" datetime=\"2019-05-10T15:53:12+00:00\">May 10, 2019 at 8:53am PDT<\/time><\/p>\n<\/div>\n<\/blockquote>\n<p><a href=\"https:\/\/www.norton.org\/exhibitions\/see-and-be-seen-picturing-notoriety?fbclid=IwAR3sc_bG9L4jlpBQi8iZoEuHVbynaCOECJXZ2TxS2zgWaqnw19Mn8bWvAaE\" target=\"_blank\" rel=\"noopener noreferrer\"><em>See and Be Seen: Picturing Notoriety<\/em><\/a>, una exposici&oacute;n del <a href=\"https:\/\/www.norton.org\" target=\"_blank\" rel=\"noopener noreferrer\">Museo de Arte Norton<\/a>, examina las formas en que los artistas interpretan el concepto de celebridad. Con m&aacute;s de 50 obras de los siglos XIX, XX y XXI, <em>See and Be Seen<\/em> ofrece una mirada a profundidad sobre c&oacute;mo han cambiado las representaciones de la fama con el paso del tiempo y, posteriormente, el surgimiento de nuevas tecnolog&iacute;as.<\/p>\n<p>De acuerdo con el Museo de Arte Norton, las interpretaciones art&iacute;sticas han ayudado a ilustrar esta correlaci&oacute;n. &#8220;Los artistas han absorbido y movilizado la transici&oacute;n de una tecnolog&iacute;a a otra&#8221;, explica el museo. &#8220;Sus visiones y sensibilidades est&aacute;n en el centro de c&oacute;mo respondemos y definimos &#8216;celebridad'&#8221;. Con piezas que van desde impresiones y p&oacute;sters de Henri Toulouse-Lautrec hasta retratos de Annie Leibovitz, no te puedes perder esta muestra llena de estrellas.<\/p>\n<p><em>See and Be Seen: Picturing Notoriety<\/em> estar&aacute; abierta al p&uacute;blico hasta el 22 de octubre de 2019.<\/p>\n<h3 class=\"page-title\" data-appear-top-offset=\"85\"><strong><em>The Allure of Matter: Material Art from China<\/em> en LACMA<\/strong><\/h3>\n<blockquote class=\"instagram-media\" style=\"background: #FFF; border: 0; border-radius: 3px; box-shadow: 0 0 1px 0 rgba(0,0,0,0.5),0 1px 10px 0 rgba(0,0,0,0.15); margin: 1px; max-width: 540px; min-width: 326px; padding: 0; width: calc(100% - 2px);\" data-instgrm-permalink=\"https:\/\/www.instagram.com\/p\/ByluemZg7VF\/\" data-instgrm-version=\"12\">\n<div style=\"padding: 16px;\">\n<p>&nbsp;<\/p>\n<div style=\"display: flex; flex-direction: row; align-items: center;\">\n<div style=\"background-color: #f4f4f4; border-radius: 50%; flex-grow: 0; height: 40px; margin-right: 14px; width: 40px;\"><\/div>\n<div style=\"display: flex; flex-direction: column; flex-grow: 1; justify-content: center;\">\n<div style=\"background-color: #f4f4f4; border-radius: 4px; flex-grow: 0; height: 14px; margin-bottom: 6px; width: 100px;\"><\/div>\n<div style=\"background-color: #f4f4f4; border-radius: 4px; flex-grow: 0; height: 14px; width: 60px;\"><\/div>\n<\/div>\n<\/div>\n<div style=\"padding: 19% 0;\"><\/div>\n<div style=\"display: block; height: 50px; margin: 0 auto 12px; width: 50px;\"><\/div>\n<div style=\"padding-top: 8px;\">\n<div style=\"color: #3897f0; font-family: Arial,sans-serif; font-size: 14px; font-style: normal; font-weight: 550; line-height: 18px;\">View this post on Instagram<\/div>\n<\/div>\n<div style=\"padding: 12.5% 0;\"><\/div>\n<div style=\"display: flex; flex-direction: row; margin-bottom: 14px; align-items: center;\">\n<div>\n<div style=\"background-color: #f4f4f4; border-radius: 50%; height: 12.5px; width: 12.5px; transform: translateX(0px) translateY(7px);\"><\/div>\n<div style=\"background-color: #f4f4f4; height: 12.5px; transform: rotate(-45deg) translateX(3px) translateY(1px); width: 12.5px; flex-grow: 0; margin-right: 14px; margin-left: 2px;\"><\/div>\n<div style=\"background-color: #f4f4f4; border-radius: 50%; height: 12.5px; width: 12.5px; transform: translateX(9px) translateY(-18px);\"><\/div>\n<\/div>\n<div style=\"margin-left: 8px;\">\n<div style=\"background-color: #f4f4f4; border-radius: 50%; flex-grow: 0; height: 20px; width: 20px;\"><\/div>\n<div style=\"width: 0; height: 0; border-top: 2px solid transparent; border-left: 6px solid #f4f4f4; border-bottom: 2px solid transparent; transform: translateX(16px) translateY(-4px) rotate(30deg);\"><\/div>\n<\/div>\n<div style=\"margin-left: auto;\">\n<div style=\"width: 0px; border-top: 8px solid #F4F4F4; border-right: 8px solid transparent; transform: translateY(16px);\"><\/div>\n<div style=\"background-color: #f4f4f4; flex-grow: 0; height: 12px; width: 16px; transform: translateY(-4px);\"><\/div>\n<div style=\"width: 0; height: 0; border-top: 8px solid #F4F4F4; border-left: 8px solid transparent; transform: translateY(-4px) translateX(8px);\"><\/div>\n<\/div>\n<\/div>\n<div style=\"display: flex; flex-direction: column; flex-grow: 1; justify-content: center; margin-bottom: 24px;\">\n<div style=\"background-color: #f4f4f4; border-radius: 4px; flex-grow: 0; height: 14px; margin-bottom: 6px; width: 224px;\"><\/div>\n<div style=\"background-color: #f4f4f4; border-radius: 4px; flex-grow: 0; height: 14px; width: 144px;\"><\/div>\n<\/div>\n<p>&nbsp;<\/p>\n<p style=\"color: #c9c8cd; font-family: Arial,sans-serif; font-size: 14px; line-height: 17px; margin-bottom: 0; margin-top: 8px; overflow: hidden; padding: 8px 0 7px; text-align: center; text-overflow: ellipsis; white-space: nowrap;\"><a style=\"color: #c9c8cd; font-family: Arial,sans-serif; font-size: 14px; font-style: normal; font-weight: normal; line-height: 17px; text-decoration: none;\" href=\"https:\/\/www.instagram.com\/p\/ByluemZg7VF\/\" target=\"_blank\" rel=\"noopener noreferrer\">A post shared by LA County Museum of Art (@lacma)<\/a> on <time style=\"font-family: Arial,sans-serif; font-size: 14px; line-height: 17px;\" datetime=\"2019-06-12T00:23:59+00:00\">Jun 11, 2019 at 5:23pm PDT<\/time><\/p>\n<\/div>\n<\/blockquote>\n<p>&#8220;Desde pl&aacute;stico, agua y madera, hasta cabello, tabaco, y Coca-Cola&#8221;, algunos artistas contempor&aacute;neos chinos pueden convertir cualquier material en arte. En <em><a href=\"https:\/\/www.lacma.org\/art\/exhibition\/allure-matter-material-art-china?fbclid=IwAR3cnCk1BrZT179uu_xGCOrjwSYSaVHl0zedsht_xpS1zcTsfuRh3qEndhM\" target=\"_blank\" rel=\"noopener noreferrer\">The Allure of Matter: Material Art from<\/a><a href=\"https:\/\/www.lacma.org\/art\/exhibition\/allure-matter-material-art-china?fbclid=IwAR3cnCk1BrZT179uu_xGCOrjwSYSaVHl0zedsht_xpS1zcTsfuRh3qEndhM\" target=\"_blank\" rel=\"noopener noreferrer\"> China<\/a><\/em>, <a href=\"http:\/\/www.lacma.org\" target=\"_blank\" rel=\"noopener noreferrer\">LACMA<\/a> revisa las formas en que esta relaci&oacute;n &uacute;nica ha evolucionado desde la d&eacute;cada de 1980.<\/p>\n<p>Con obras de algunos de los mejores artistas chinos de la actualidad, como Xu Bing, Cai Guo-Qiang, Lin Tianmiao y Ai Weiwei, esta exhibici&oacute;n &uacute;nica muestra las muchas formas en que los creativos chinos contin&uacute;an modificando el concepto de materialidad. Adem&aacute;s de los objetos en exhibici&oacute;n, <em>The Allure of Matter: Material Art de China<\/em> explora esta idea a trav&eacute;s de un libro que, impresionantemente, es el &#8220;primer volumen acad&eacute;mico en examinar el arte chino a trav&eacute;s de la lente de la materialidad&#8221;.<\/p>\n<p><em>The Allure of Matter: Material Art from China<\/em> estar&aacute; abierta hasta el 5 de enero de 2020.<\/p>\n<h3 class=\"mainVisual-text_heading\"><strong><i>Shiota Chiharu: The Soul Trembles <\/i>en el Museo de Arte Mori<\/strong><\/h3>\n<blockquote class=\"instagram-media\" style=\"background: #FFF; border: 0; border-radius: 3px; box-shadow: 0 0 1px 0 rgba(0,0,0,0.5),0 1px 10px 0 rgba(0,0,0,0.15); margin: 1px; max-width: 540px; min-width: 326px; padding: 0; width: calc(100% - 2px);\" data-instgrm-permalink=\"https:\/\/www.instagram.com\/p\/BzP7IlCJwlq\/\" data-instgrm-version=\"12\">\n<div style=\"padding: 16px;\">\n<p>&nbsp;<\/p>\n<div style=\"display: flex; flex-direction: row; align-items: center;\">\n<div style=\"background-color: #f4f4f4; border-radius: 50%; flex-grow: 0; height: 40px; margin-right: 14px; width: 40px;\"><\/div>\n<div style=\"display: flex; flex-direction: column; flex-grow: 1; justify-content: center;\">\n<div style=\"background-color: #f4f4f4; border-radius: 4px; flex-grow: 0; height: 14px; margin-bottom: 6px; width: 100px;\"><\/div>\n<div style=\"background-color: #f4f4f4; border-radius: 4px; flex-grow: 0; height: 14px; width: 60px;\"><\/div>\n<\/div>\n<\/div>\n<div style=\"padding: 19% 0;\"><\/div>\n<div style=\"display: block; height: 50px; margin: 0 auto 12px; width: 50px;\"><\/div>\n<div style=\"padding-top: 8px;\">\n<div style=\"color: #3897f0; font-family: Arial,sans-serif; font-size: 14px; font-style: normal; font-weight: 550; line-height: 18px;\">View this post on Instagram<\/div>\n<\/div>\n<div style=\"padding: 12.5% 0;\"><\/div>\n<div style=\"display: flex; flex-direction: row; margin-bottom: 14px; align-items: center;\">\n<div>\n<div style=\"background-color: #f4f4f4; border-radius: 50%; height: 12.5px; width: 12.5px; transform: translateX(0px) translateY(7px);\"><\/div>\n<div style=\"background-color: #f4f4f4; height: 12.5px; transform: rotate(-45deg) translateX(3px) translateY(1px); width: 12.5px; flex-grow: 0; margin-right: 14px; margin-left: 2px;\"><\/div>\n<div style=\"background-color: #f4f4f4; border-radius: 50%; height: 12.5px; width: 12.5px; transform: translateX(9px) translateY(-18px);\"><\/div>\n<\/div>\n<div style=\"margin-left: 8px;\">\n<div style=\"background-color: #f4f4f4; border-radius: 50%; flex-grow: 0; height: 20px; width: 20px;\"><\/div>\n<div style=\"width: 0; height: 0; border-top: 2px solid transparent; border-left: 6px solid #f4f4f4; border-bottom: 2px solid transparent; transform: translateX(16px) translateY(-4px) rotate(30deg);\"><\/div>\n<\/div>\n<div style=\"margin-left: auto;\">\n<div style=\"width: 0px; border-top: 8px solid #F4F4F4; border-right: 8px solid transparent; transform: translateY(16px);\"><\/div>\n<div style=\"background-color: #f4f4f4; flex-grow: 0; height: 12px; width: 16px; transform: translateY(-4px);\"><\/div>\n<div style=\"width: 0; height: 0; border-top: 8px solid #F4F4F4; border-left: 8px solid transparent; transform: translateY(-4px) translateX(8px);\"><\/div>\n<\/div>\n<\/div>\n<div style=\"display: flex; flex-direction: column; flex-grow: 1; justify-content: center; margin-bottom: 24px;\">\n<div style=\"background-color: #f4f4f4; border-radius: 4px; flex-grow: 0; height: 14px; margin-bottom: 6px; width: 224px;\"><\/div>\n<div style=\"background-color: #f4f4f4; border-radius: 4px; flex-grow: 0; height: 14px; width: 144px;\"><\/div>\n<\/div>\n<p>&nbsp;<\/p>\n<p style=\"color: #c9c8cd; font-family: Arial,sans-serif; font-size: 14px; line-height: 17px; margin-bottom: 0; margin-top: 8px; overflow: hidden; padding: 8px 0 7px; text-align: center; text-overflow: ellipsis; white-space: nowrap;\"><a style=\"color: #c9c8cd; font-family: Arial,sans-serif; font-size: 14px; font-style: normal; font-weight: normal; line-height: 17px; text-decoration: none;\" href=\"https:\/\/www.instagram.com\/p\/BzP7IlCJwlq\/\" target=\"_blank\" rel=\"noopener noreferrer\">A post shared by Mori Art Museum &#26862;&#32654;&#34899;&#39208; (@moriartmuseum)<\/a> on <time style=\"font-family: Arial,sans-serif; font-size: 14px; line-height: 17px;\" datetime=\"2019-06-28T09:42:40+00:00\">Jun 28, 2019 at 2:42am PDT<\/time><\/p>\n<\/div>\n<\/blockquote>\n<p><script async src=\"\/\/www.instagram.com\/embed.js\"><span data-mce-type=\"bookmark\" style=\"display: inline-block; width: 0px; overflow: hidden; line-height: 0;\" class=\"mce_SELRES_start\">&#65279;<\/script><\/p>\n<p>La artista <a href=\"http:\/\/www.chiharu-shiota.com\/en\/\" target=\"_blank\" rel=\"noopener noreferrer\">Chiharu Shiota<\/a>, quien reside en Berl&iacute;n, es reconocida por sus instalaciones de hilo espec&iacute;ficas para sitio. Para <a href=\"https:\/\/www.mori.art.museum\/en\/exhibitions\/shiotachiharu\/index.html?fbclid=IwAR2kBndmnqeOOJG5See2ia42qoeegN5gAM4xm05HZnjjc3kN18xD_f55KGo\" target=\"_blank\" rel=\"noopener noreferrer\"><i>Shiota Chiharu: The Soul Trembles<\/i><\/a>, su exhibici&oacute;n en solitario m&aacute;s reciente y m&aacute;s grande, Shiota ha envuelto el espacio de exhibici&oacute;n del <a href=\"https:\/\/www.mori.art.museum\/en\/\" target=\"_blank\" rel=\"noopener noreferrer\">Museo de Arte Mori<\/a> en complejas redes de hilo rojo y negro.<\/p>\n<p>Creado a lo largo de 25 a&ntilde;os, el trabajo incluido en esta exposici&oacute;n &#8220;personifica la &#8216;presencia en ausencia' que Shiota ha explorado a lo largo de su carrera&#8221;. Adem&aacute;s de sus caracter&iacute;sticas instalaciones a gran escala, <i>The Soul Trembles <\/i>comprende otras formas de arte, como esculturas, videos de presentaciones, fotograf&iacute;as, dibujos y m&aacute;s. Juntas, estas piezas ilustran la &#8220;sincera esperanza de la artista en entregar a otros experiencias que sacudan sus almas derivadas de emociones sin nombre&#8221;.<\/p>\n<p><em>Shiota Chiharu: The Soul Trembles&nbsp;<\/em>cierra el 27 de octubre de 2019.<\/p>\n<p>&nbsp;<\/p>\n<h2><span style=\"text-decoration: underline;\">Art&iacute;culos relacionados:<\/span><\/h2>\n<p><a href=\"https:\/\/mymodernmet.com\/es\/arquitectura-de-museos-famosa\/\" target=\"_blank\" rel=\"noopener noreferrer\">7 Museos con arquitectura ic&oacute;nica que todo el mundo deber&iacute;a reconocer<\/a><\/p>\n<p><a href=\"https:\/\/mymodernmet.com\/es\/museos-mas-visitados-mundo\/\" target=\"_blank\" rel=\"noopener noreferrer\">Los 10 museos de arte m&aacute;s visitados en el mundo<\/a><\/p>\n<p><a href=\"https:\/\/mymodernmet.com\/es\/donde-estan-pinturas-famosas-van-gogh\/\" target=\"_blank\" rel=\"noopener noreferrer\">D&oacute;nde puedes ver 10 de las pinturas m&aacute;s famosas de Van Gogh<\/a><\/p>\n","protected":false},"excerpt":{"rendered":"<p>&nbsp; View this post on Instagram &nbsp; A post shared by LA County Museum of Art (@lacma) on Jun 25, 2019 at 6:29pm PDT El verano ya est&aacute; aqu&iacute;, por lo que probablemente est&aacute;s buscando qu&eacute; hacer en estos d&iacute;as largos. Nuestra sugerencia estacional es, definitivamente, visitar un museo. Podr&aacute;s ver exposiciones maravillosas e incluso [&hellip;]<\/p>\n","protected":false},"author":320,"featured_media":0,"comment_status":"closed","ping_status":"closed","sticky":false,"template":"","format":"standard","meta":{"_acf_changed":false,"om_disable_all_campaigns":false,"footnotes":""},"categories":[168388],"tags":[258691,258694,258696,257838,258692,231809,258695,258697,258693],"class_list":["post-218144","post","type-post","status-publish","format-standard","hentry","category-arte","tag-exhibiciones-de-arte","tag-exhibiciones-de-arte-julio-2019","tag-exhibiciones-en-julio","tag-exhibitions-to-see-in-july","tag-exposiciones-de-arte","tag-exposiciones-de-arte-2019-es","tag-exposiciones-de-arte-julio-2019-que-hacer-en-julio-exposiciones-en-julio","tag-exposiciones-en-museos","tag-exposiciones-julio-2019"],"acf":[],"yoast_head":"<!-- This site is optimized with the Yoast SEO Premium plugin v26.6 (Yoast SEO v26.6) - https:\/\/yoast.com\/wordpress\/plugins\/seo\/ -->\n<title>Julio 2019: 5 Exposiciones de arte que morimos por visitar este mes<\/title>\n<meta name=\"description\" content=\"\u00bfBuscas qu\u00e9 hacer durante el verano? Echa un vistazo a nuestras exposiciones de julio 2019 favoritas; desde dibujos antiguos hasta instalaciones gigantes.\" \/>\n<meta name=\"robots\" content=\"index, follow, max-snippet:-1, max-image-preview:large, max-video-preview:-1\" \/>\n<link rel=\"canonical\" href=\"https:\/\/mymodernmet.com\/es\/exposiciones-arte-julio-2019\/\" \/>\n<meta property=\"og:locale\" content=\"es_ES\" \/>\n<meta property=\"og:type\" content=\"article\" \/>\n<meta property=\"og:title\" content=\"5 Exposiciones de arte que morimos por visitar este mes\" \/>\n<meta property=\"og:description\" content=\"Desde dibujos antiguos hasta instalaciones a gran escala.\" \/>\n<meta property=\"og:url\" content=\"https:\/\/mymodernmet.com\/es\/exposiciones-arte-julio-2019\/\" \/>\n<meta property=\"og:site_name\" content=\"My Modern Met en Espa\u00f1ol\" \/>\n<meta property=\"article:publisher\" content=\"https:\/\/www.facebook.com\/mymodernmet\" \/>\n<meta property=\"article:published_time\" content=\"2019-07-08T16:45:44+00:00\" \/>\n<meta property=\"og:image\" content=\"https:\/\/mymodernmet.com\/wp\/wp-content\/uploads\/2019\/07\/art-exhibitions-july-2019-thumbnail.jpg\" \/>\n\t<meta property=\"og:image:width\" content=\"1200\" \/>\n\t<meta property=\"og:image:height\" content=\"628\" \/>\n\t<meta property=\"og:image:type\" content=\"image\/jpeg\" \/>\n<meta name=\"author\" content=\"Regina Sienra\" \/>\n<meta name=\"twitter:card\" content=\"summary_large_image\" \/>\n<meta name=\"twitter:title\" content=\"5 Exposiciones de arte que morimos por visitar este mes\" \/>\n<meta name=\"twitter:description\" content=\"Desde dibujos antiguos hasta instalaciones a gran escala.\" \/>\n<meta name=\"twitter:image\" content=\"https:\/\/mymodernmet.com\/wp\/wp-content\/uploads\/2019\/07\/art-exhibitions-july-2019-thumbnail.jpg\" \/>\n<meta name=\"twitter:creator\" content=\"@mymodernmet\" \/>\n<meta name=\"twitter:site\" content=\"@mymodernmetes\" \/>\n<meta name=\"twitter:label1\" content=\"Written by\" \/>\n\t<meta name=\"twitter:data1\" content=\"Regina Sienra\" \/>\n\t<meta name=\"twitter:label2\" content=\"Est. reading time\" \/>\n\t<meta name=\"twitter:data2\" content=\"6 minutes\" \/>\n<script type=\"application\/ld+json\" class=\"yoast-schema-graph\">{\"@context\":\"https:\/\/schema.org\",\"@graph\":[{\"@type\":\"Article\",\"@id\":\"https:\/\/mymodernmet.com\/es\/exposiciones-arte-julio-2019\/#article\",\"isPartOf\":{\"@id\":\"https:\/\/mymodernmet.com\/es\/exposiciones-arte-julio-2019\/\"},\"author\":{\"name\":\"Regina Sienra\",\"@id\":\"https:\/\/mymodernmet.com\/es\/#\/schema\/person\/968140d08ad6b9d778e1ad2f37ffe3f7\"},\"headline\":\"5 Exposiciones de arte que morimos por visitar este mes\",\"datePublished\":\"2019-07-08T16:45:44+00:00\",\"mainEntityOfPage\":{\"@id\":\"https:\/\/mymodernmet.com\/es\/exposiciones-arte-julio-2019\/\"},\"wordCount\":1160,\"publisher\":{\"@id\":\"https:\/\/mymodernmet.com\/es\/#organization\"},\"keywords\":[\"exhibiciones de arte\",\"exhibiciones de arte julio 2019\",\"exhibiciones en julio\",\"exhibitions to see in July\",\"exposiciones de arte\",\"exposiciones de arte 2019\",\"exposiciones de arte julio 2019. qu\u00e9 hacer en julio. exposiciones en julio\",\"exposiciones en museos\",\"exposiciones julio 2019\"],\"articleSection\":[\"Arte\"],\"inLanguage\":\"es-ES\",\"copyrightYear\":\"2019\",\"copyrightHolder\":{\"@id\":\"https:\/\/mymodernmet.com\/#organization\"}},{\"@type\":\"WebPage\",\"@id\":\"https:\/\/mymodernmet.com\/es\/exposiciones-arte-julio-2019\/\",\"url\":\"https:\/\/mymodernmet.com\/es\/exposiciones-arte-julio-2019\/\",\"name\":\"Julio 2019: 5 Exposiciones de arte que morimos por visitar este mes\",\"isPartOf\":{\"@id\":\"https:\/\/mymodernmet.com\/es\/#website\"},\"datePublished\":\"2019-07-08T16:45:44+00:00\",\"description\":\"\u00bfBuscas qu\u00e9 hacer durante el verano? Echa un vistazo a nuestras exposiciones de julio 2019 favoritas; desde dibujos antiguos hasta instalaciones gigantes.\",\"breadcrumb\":{\"@id\":\"https:\/\/mymodernmet.com\/es\/exposiciones-arte-julio-2019\/#breadcrumb\"},\"inLanguage\":\"es-ES\",\"potentialAction\":[{\"@type\":\"ReadAction\",\"target\":[\"https:\/\/mymodernmet.com\/es\/exposiciones-arte-julio-2019\/\"]}]},{\"@type\":\"BreadcrumbList\",\"@id\":\"https:\/\/mymodernmet.com\/es\/exposiciones-arte-julio-2019\/#breadcrumb\",\"itemListElement\":[{\"@type\":\"ListItem\",\"position\":1,\"name\":\"Home\",\"item\":\"https:\/\/mymodernmet.com\/es\/\"},{\"@type\":\"ListItem\",\"position\":2,\"name\":\"Arte\",\"item\":\"https:\/\/mymodernmet.com\/es\/category\/arte\/\"},{\"@type\":\"ListItem\",\"position\":3,\"name\":\"5 Exposiciones de arte que morimos por visitar este mes\"}]},{\"@type\":\"WebSite\",\"@id\":\"https:\/\/mymodernmet.com\/es\/#website\",\"url\":\"https:\/\/mymodernmet.com\/es\/\",\"name\":\"My Modern Met\",\"description\":\"The Big City That Celebrates Creative Ideas\",\"publisher\":{\"@id\":\"https:\/\/mymodernmet.com\/es\/#organization\"},\"alternateName\":\"My Modern Met\",\"potentialAction\":[{\"@type\":\"SearchAction\",\"target\":{\"@type\":\"EntryPoint\",\"urlTemplate\":\"https:\/\/mymodernmet.com\/es\/?s={search_term_string}\"},\"query-input\":{\"@type\":\"PropertyValueSpecification\",\"valueRequired\":true,\"valueName\":\"search_term_string\"}}],\"inLanguage\":\"es-ES\"},{\"@type\":\"Organization\",\"@id\":\"https:\/\/mymodernmet.com\/es\/#organization\",\"name\":\"My Modern Met\",\"alternateName\":\"My Modern Met\",\"url\":\"https:\/\/mymodernmet.com\/es\/\",\"logo\":{\"@type\":\"ImageObject\",\"inLanguage\":\"es-ES\",\"@id\":\"https:\/\/mymodernmet.com\/es\/#\/schema\/logo\/image\/\",\"url\":\"https:\/\/mymodernmet.com\/wp\/wp-content\/uploads\/2016\/12\/tumblr-logo.jpg\",\"contentUrl\":\"https:\/\/mymodernmet.com\/wp\/wp-content\/uploads\/2016\/12\/tumblr-logo.jpg\",\"width\":600,\"height\":600,\"caption\":\"My Modern Met\"},\"image\":{\"@id\":\"https:\/\/mymodernmet.com\/es\/#\/schema\/logo\/image\/\"},\"sameAs\":[\"https:\/\/www.facebook.com\/mymodernmet\",\"https:\/\/x.com\/mymodernmet\",\"https:\/\/www.instagram.com\/mymodernmet\/\",\"https:\/\/www.linkedin.com\/company\/3811009?trk=tyah&amp;amp;amp;trkInfo=clickedVertical:company,clickedEntityId:3811009,idx:2-1-2,tarId:1484473853378,tas:my modern\",\"https:\/\/www.pinterest.com\/mymodernmet\/\",\"https:\/\/www.youtube.com\/channel\/UCmiC4DC-xa6rqVJeNiRWDcQ\"]},{\"@type\":\"Person\",\"@id\":\"https:\/\/mymodernmet.com\/es\/#\/schema\/person\/968140d08ad6b9d778e1ad2f37ffe3f7\",\"name\":\"Regina Sienra\",\"image\":{\"@type\":\"ImageObject\",\"inLanguage\":\"es-ES\",\"@id\":\"https:\/\/mymodernmet.com\/es\/#\/schema\/person\/image\/\",\"url\":\"https:\/\/secure.gravatar.com\/avatar\/0b74a6cdccb33496cc44288f3df56039aab6b761220fe8727ed3bd2e6aaad66e?s=96&d=mm&r=g\",\"contentUrl\":\"https:\/\/secure.gravatar.com\/avatar\/0b74a6cdccb33496cc44288f3df56039aab6b761220fe8727ed3bd2e6aaad66e?s=96&d=mm&r=g\",\"caption\":\"Regina Sienra\"},\"description\":\"Regina Sienra es colaboradora y redactora en espa\u00f1ol para My Modern Met. Periodista y traductora originaria de la Ciudad de M\u00e9xico. Es egresada de la Universidad Nacional Aut\u00f3noma de M\u00e9xico, donde curs\u00f3 la licenciatura en Ciencias de la Comunicaci\u00f3n con especialidad en Periodismo. Su pasi\u00f3n por escribir sobre las artes visuales, la m\u00fasica, el cine, la literatura y el teatro ha dado vida a una carrera de casi 10 a\u00f1os en diversos medios culturales de M\u00e9xico, Estados Unidos y Canad\u00e1.\",\"url\":\"https:\/\/mymodernmet.com\/es\/author\/regina\/\"}]}<\/script>\n<!-- \/ Yoast SEO Premium plugin. -->","yoast_head_json":{"title":"Julio 2019: 5 Exposiciones de arte que morimos por visitar este mes","description":"\u00bfBuscas qu\u00e9 hacer durante el verano? Echa un vistazo a nuestras exposiciones de julio 2019 favoritas; desde dibujos antiguos hasta instalaciones gigantes.","robots":{"index":"index","follow":"follow","max-snippet":"max-snippet:-1","max-image-preview":"max-image-preview:large","max-video-preview":"max-video-preview:-1"},"canonical":"https:\/\/mymodernmet.com\/es\/exposiciones-arte-julio-2019\/","og_locale":"es_ES","og_type":"article","og_title":"5 Exposiciones de arte que morimos por visitar este mes","og_description":"Desde dibujos antiguos hasta instalaciones a gran escala.","og_url":"https:\/\/mymodernmet.com\/es\/exposiciones-arte-julio-2019\/","og_site_name":"My Modern Met en Espa\u00f1ol","article_publisher":"https:\/\/www.facebook.com\/mymodernmet","article_published_time":"2019-07-08T16:45:44+00:00","og_image":[{"width":1200,"height":628,"url":"https:\/\/mymodernmet.com\/wp\/wp-content\/uploads\/2019\/07\/art-exhibitions-july-2019-thumbnail.jpg","type":"image\/jpeg"}],"author":"Regina Sienra","twitter_card":"summary_large_image","twitter_title":"5 Exposiciones de arte que morimos por visitar este mes","twitter_description":"Desde dibujos antiguos hasta instalaciones a gran escala.","twitter_image":"https:\/\/mymodernmet.com\/wp\/wp-content\/uploads\/2019\/07\/art-exhibitions-july-2019-thumbnail.jpg","twitter_creator":"@mymodernmet","twitter_site":"@mymodernmetes","twitter_misc":{"Written by":"Regina Sienra","Est. reading time":"6 minutes"},"schema":{"@context":"https:\/\/schema.org","@graph":[{"@type":"Article","@id":"https:\/\/mymodernmet.com\/es\/exposiciones-arte-julio-2019\/#article","isPartOf":{"@id":"https:\/\/mymodernmet.com\/es\/exposiciones-arte-julio-2019\/"},"author":{"name":"Regina Sienra","@id":"https:\/\/mymodernmet.com\/es\/#\/schema\/person\/968140d08ad6b9d778e1ad2f37ffe3f7"},"headline":"5 Exposiciones de arte que morimos por visitar este mes","datePublished":"2019-07-08T16:45:44+00:00","mainEntityOfPage":{"@id":"https:\/\/mymodernmet.com\/es\/exposiciones-arte-julio-2019\/"},"wordCount":1160,"publisher":{"@id":"https:\/\/mymodernmet.com\/es\/#organization"},"keywords":["exhibiciones de arte","exhibiciones de arte julio 2019","exhibiciones en julio","exhibitions to see in July","exposiciones de arte","exposiciones de arte 2019","exposiciones de arte julio 2019. qu\u00e9 hacer en julio. exposiciones en julio","exposiciones en museos","exposiciones julio 2019"],"articleSection":["Arte"],"inLanguage":"es-ES","copyrightYear":"2019","copyrightHolder":{"@id":"https:\/\/mymodernmet.com\/#organization"}},{"@type":"WebPage","@id":"https:\/\/mymodernmet.com\/es\/exposiciones-arte-julio-2019\/","url":"https:\/\/mymodernmet.com\/es\/exposiciones-arte-julio-2019\/","name":"Julio 2019: 5 Exposiciones de arte que morimos por visitar este mes","isPartOf":{"@id":"https:\/\/mymodernmet.com\/es\/#website"},"datePublished":"2019-07-08T16:45:44+00:00","description":"\u00bfBuscas qu\u00e9 hacer durante el verano? Echa un vistazo a nuestras exposiciones de julio 2019 favoritas; desde dibujos antiguos hasta instalaciones gigantes.","breadcrumb":{"@id":"https:\/\/mymodernmet.com\/es\/exposiciones-arte-julio-2019\/#breadcrumb"},"inLanguage":"es-ES","potentialAction":[{"@type":"ReadAction","target":["https:\/\/mymodernmet.com\/es\/exposiciones-arte-julio-2019\/"]}]},{"@type":"BreadcrumbList","@id":"https:\/\/mymodernmet.com\/es\/exposiciones-arte-julio-2019\/#breadcrumb","itemListElement":[{"@type":"ListItem","position":1,"name":"Home","item":"https:\/\/mymodernmet.com\/es\/"},{"@type":"ListItem","position":2,"name":"Arte","item":"https:\/\/mymodernmet.com\/es\/category\/arte\/"},{"@type":"ListItem","position":3,"name":"5 Exposiciones de arte que morimos por visitar este mes"}]},{"@type":"WebSite","@id":"https:\/\/mymodernmet.com\/es\/#website","url":"https:\/\/mymodernmet.com\/es\/","name":"My Modern Met","description":"The Big City That Celebrates Creative Ideas","publisher":{"@id":"https:\/\/mymodernmet.com\/es\/#organization"},"alternateName":"My Modern Met","potentialAction":[{"@type":"SearchAction","target":{"@type":"EntryPoint","urlTemplate":"https:\/\/mymodernmet.com\/es\/?s={search_term_string}"},"query-input":{"@type":"PropertyValueSpecification","valueRequired":true,"valueName":"search_term_string"}}],"inLanguage":"es-ES"},{"@type":"Organization","@id":"https:\/\/mymodernmet.com\/es\/#organization","name":"My Modern Met","alternateName":"My Modern Met","url":"https:\/\/mymodernmet.com\/es\/","logo":{"@type":"ImageObject","inLanguage":"es-ES","@id":"https:\/\/mymodernmet.com\/es\/#\/schema\/logo\/image\/","url":"https:\/\/mymodernmet.com\/wp\/wp-content\/uploads\/2016\/12\/tumblr-logo.jpg","contentUrl":"https:\/\/mymodernmet.com\/wp\/wp-content\/uploads\/2016\/12\/tumblr-logo.jpg","width":600,"height":600,"caption":"My Modern Met"},"image":{"@id":"https:\/\/mymodernmet.com\/es\/#\/schema\/logo\/image\/"},"sameAs":["https:\/\/www.facebook.com\/mymodernmet","https:\/\/x.com\/mymodernmet","https:\/\/www.instagram.com\/mymodernmet\/","https:\/\/www.linkedin.com\/company\/3811009?trk=tyah&amp;amp;amp;trkInfo=clickedVertical:company,clickedEntityId:3811009,idx:2-1-2,tarId:1484473853378,tas:my modern","https:\/\/www.pinterest.com\/mymodernmet\/","https:\/\/www.youtube.com\/channel\/UCmiC4DC-xa6rqVJeNiRWDcQ"]},{"@type":"Person","@id":"https:\/\/mymodernmet.com\/es\/#\/schema\/person\/968140d08ad6b9d778e1ad2f37ffe3f7","name":"Regina Sienra","image":{"@type":"ImageObject","inLanguage":"es-ES","@id":"https:\/\/mymodernmet.com\/es\/#\/schema\/person\/image\/","url":"https:\/\/secure.gravatar.com\/avatar\/0b74a6cdccb33496cc44288f3df56039aab6b761220fe8727ed3bd2e6aaad66e?s=96&d=mm&r=g","contentUrl":"https:\/\/secure.gravatar.com\/avatar\/0b74a6cdccb33496cc44288f3df56039aab6b761220fe8727ed3bd2e6aaad66e?s=96&d=mm&r=g","caption":"Regina Sienra"},"description":"Regina Sienra es colaboradora y redactora en espa\u00f1ol para My Modern Met. Periodista y traductora originaria de la Ciudad de M\u00e9xico. Es egresada de la Universidad Nacional Aut\u00f3noma de M\u00e9xico, donde curs\u00f3 la licenciatura en Ciencias de la Comunicaci\u00f3n con especialidad en Periodismo. Su pasi\u00f3n por escribir sobre las artes visuales, la m\u00fasica, el cine, la literatura y el teatro ha dado vida a una carrera de casi 10 a\u00f1os en diversos medios culturales de M\u00e9xico, Estados Unidos y Canad\u00e1.","url":"https:\/\/mymodernmet.com\/es\/author\/regina\/"}]}},"_links":{"self":[{"href":"https:\/\/mymodernmet.com\/es\/wp-json\/wp\/v2\/posts\/218144","targetHints":{"allow":["GET"]}}],"collection":[{"href":"https:\/\/mymodernmet.com\/es\/wp-json\/wp\/v2\/posts"}],"about":[{"href":"https:\/\/mymodernmet.com\/es\/wp-json\/wp\/v2\/types\/post"}],"author":[{"embeddable":true,"href":"https:\/\/mymodernmet.com\/es\/wp-json\/wp\/v2\/users\/320"}],"replies":[{"embeddable":true,"href":"https:\/\/mymodernmet.com\/es\/wp-json\/wp\/v2\/comments?post=218144"}],"version-history":[{"count":10,"href":"https:\/\/mymodernmet.com\/es\/wp-json\/wp\/v2\/posts\/218144\/revisions"}],"predecessor-version":[{"id":218387,"href":"https:\/\/mymodernmet.com\/es\/wp-json\/wp\/v2\/posts\/218144\/revisions\/218387"}],"wp:attachment":[{"href":"https:\/\/mymodernmet.com\/es\/wp-json\/wp\/v2\/media?parent=218144"}],"wp:term":[{"taxonomy":"category","embeddable":true,"href":"https:\/\/mymodernmet.com\/es\/wp-json\/wp\/v2\/categories?post=218144"},{"taxonomy":"post_tag","embeddable":true,"href":"https:\/\/mymodernmet.com\/es\/wp-json\/wp\/v2\/tags?post=218144"}],"curies":[{"name":"wp","href":"https:\/\/api.w.org\/{rel}","templated":true}]}}