{"id":256390,"date":"2019-12-20T13:10:38","date_gmt":"2019-12-20T18:10:38","guid":{"rendered":"https:\/\/mymodernmet.com\/climate-change-paintings-museo-del-prado-wwf\/"},"modified":"2019-12-20T12:10:45","modified_gmt":"2019-12-20T17:10:45","slug":"pinturas-cambio-climatico-museo-del-prado-wwf","status":"publish","type":"post","link":"https:\/\/mymodernmet.com\/es\/pinturas-cambio-climatico-museo-del-prado-wwf\/","title":{"rendered":"El Museo del Prado altera 4 obras maestras para ilustrar las consecuencias del cambio clim\u00e1tico"},"content":{"rendered":"<div id=\"attachment_255643\" style=\"width: 760px\" class=\"wp-caption alignnone\"><noscript><img decoding=\"async\" aria-describedby=\"caption-attachment-255643\" class=\"lazyload wp-image-255643 size-full\" src=\"https:\/\/mymodernmet.com\/wp\/wp-content\/uploads\/2019\/12\/climate-change-paintings-museo-del-prado-wwf-4.jpg\" alt=\"cambio climatico Museo del Prado y WWF\" width=\"750\" height=\"716\" srcset=\"https:\/\/mymodernmet.com\/wp\/wp-content\/uploads\/2019\/12\/climate-change-paintings-museo-del-prado-wwf-4.jpg 750w, https:\/\/mymodernmet.com\/wp\/wp-content\/uploads\/2019\/12\/climate-change-paintings-museo-del-prado-wwf-4-300x286.jpg 300w\" sizes=\"(max-width: 750px) 100vw, 750px\" \/><\/noscript><img decoding=\"async\" aria-describedby=\"caption-attachment-255643\" class=\"lazyload wp-image-255643 size-full\" src=\"data:image\/svg+xml,&lt;svg xmlns=&quot;http:\/\/www.w3.org\/2000\/svg&quot; viewBox=&quot;0 0 750 716&quot;&gt;&lt;\/svg&gt;\" data-src=\"https:\/\/mymodernmet.com\/wp\/wp-content\/uploads\/2019\/12\/climate-change-paintings-museo-del-prado-wwf-4.jpg\" alt=\"cambio climatico Museo del Prado y WWF\" width=\"750\" height=\"716\" data-srcset=\"https:\/\/mymodernmet.com\/wp\/wp-content\/uploads\/2019\/12\/climate-change-paintings-museo-del-prado-wwf-4.jpg 750w, https:\/\/mymodernmet.com\/wp\/wp-content\/uploads\/2019\/12\/climate-change-paintings-museo-del-prado-wwf-4-300x286.jpg 300w\" sizes=\"(max-width: 750px) 100vw, 750px\" \/><p id=\"caption-attachment-255643\" class=\"wp-caption-text\">&#8220;Felipe IV a Caballo&#8221; (1635-36) por Diego Vel&aacute;zquez<\/p><\/div>\n<p>Las pinturas de los grandes maestros europeos suelen retratar escenas alegres y paisajes exuberantes pero, &iquest;c&oacute;mo se ver&iacute;an estas obras hist&oacute;ricas si los artistas hubieran experimentado el cambio clim&aacute;tico? En el marco de la Cumbre del clima 2019 en Madrid, el <a href=\"https:\/\/museodelprado.museumsmadrid.org\/\" target=\"_blank\" rel=\"noopener noreferrer\">Museo del Prado<\/a> y <a href=\"https:\/\/www.worldwildlife.org\/\" target=\"_blank\" rel=\"noopener noreferrer\">WWF<\/a> se han unido para alterar digitalmente pinturas de la colecci&oacute;n del museo para reflejar un futuro sombr&iacute;o marcado por el calentamiento global.<\/p>\n<p>El proyecto se titula <em>+ 1,5&ordm;C Lo Cambia Todo<\/em>. Esto hace referencia a la probabilidad de que la temperatura mundial podr&iacute;a aumentar 1.5&deg;C por encima de los niveles del periodo preindustrial entre 2030 y 2052, lo que desencadenar&iacute;a una serie de eventos catastr&oacute;ficos, incluyendo aumentos en el nivel del mar y la extinci&oacute;n de especies. El Museo del Prado y WWF eligieron tres pinturas de artistas espa&ntilde;oles&mdash;<a href=\"https:\/\/mymodernmet.com\/es\/francisco-de-goya-pinturas\/\">Francisco de Goya<\/a>, Diego Vel&aacute;zquez y <a href=\"https:\/\/mymodernmet.com\/es\/joaquin-sorolla-impresionismo-espanol\/\">Joaqu&iacute;n Sorolla<\/a>&mdash;y una obra de pintor flamenco Joachim Patinir. El equipo de artistas digitales de la WWF&mdash;Pedro Veloso, Marta Zafra, Julio Falagan y Conspiracy&mdash;retocaron cada pieza para ilustrar una escena postapocal&iacute;ptica.<\/p>\n<p>La versi&oacute;n modificada de la pintura <em>El quitasol<\/em> (1777) de Francisco de Goya traslada a una pareja acomodada del siglo XVIII a un campamento de refugiados por el clima, y en <em>Felipe IV a Caballo<\/em> (1635-36) de Diego Vel&aacute;zquez, el monarca y su caballo aparecen rodeados de agua. La serie<em> + 1,5&ordm;C Lo Cambia Todo<\/em> es un poderoso recordatorio visual de lo que podr&iacute;a pasar si no actuamos contra el cambio clim&aacute;tico. Las cuatro im&aacute;genes estar&aacute;n en vallas publicitarias por todo el centro de Madrid como parte de la campa&ntilde;a <em>#LoCambiaTodo <\/em>de WWF.<\/p>\n<p>&ldquo;Para el museo, este proyecto supone una oportunidad de seguir poniendo el arte y sus valores al servicio de la sociedad&rdquo;, dice Javier Solana, presidente del Real Patronato del Museo del Prado. &ldquo;El valor simb&oacute;lico de las grandes obras y la impactante modificaci&oacute;n que presentamos junto a WWF es una excelente manera de transmitir a todos y, sobre todo a los m&aacute;s j&oacute;venes, que nos estamos jugando todo en esta lucha contra el aumento de temperatura&rdquo;.<\/p>\n<p>Echa un vistazo a las im&aacute;genes antes y despu&eacute;s de la serie <em>+ 1,5&ordm;C Lo Cambia Todo<\/em> a continuaci&oacute;n.\n<\/p>\n<h2>El Museo del Prado y WWF se han unido para alterar digitalmente pinturas cl&aacute;sicas de la colecci&oacute;n del museo para enviar un mensaje sobre el cambio clim&aacute;tico.<\/h2>\n<p><noscript><img decoding=\"async\" class=\"lazyload alignnone size-full wp-image-255641\" src=\"https:\/\/mymodernmet.com\/wp\/wp-content\/uploads\/2019\/12\/climate-change-paintings-museo-del-prado-wwf-3.jpeg\" alt=\"cambio climatico Museo del Prado y WWF\" width=\"750\" height=\"720\" srcset=\"https:\/\/mymodernmet.com\/wp\/wp-content\/uploads\/2019\/12\/climate-change-paintings-museo-del-prado-wwf-3.jpeg 750w, https:\/\/mymodernmet.com\/wp\/wp-content\/uploads\/2019\/12\/climate-change-paintings-museo-del-prado-wwf-3-300x288.jpeg 300w\" sizes=\"(max-width: 750px) 100vw, 750px\" \/><\/noscript><img decoding=\"async\" class=\"lazyload alignnone size-full wp-image-255641\" src=\"data:image\/svg+xml,&lt;svg xmlns=&quot;http:\/\/www.w3.org\/2000\/svg&quot; viewBox=&quot;0 0 750 720&quot;&gt;&lt;\/svg&gt;\" data-src=\"https:\/\/mymodernmet.com\/wp\/wp-content\/uploads\/2019\/12\/climate-change-paintings-museo-del-prado-wwf-3.jpeg\" alt=\"cambio climatico Museo del Prado y WWF\" width=\"750\" height=\"720\" data-srcset=\"https:\/\/mymodernmet.com\/wp\/wp-content\/uploads\/2019\/12\/climate-change-paintings-museo-del-prado-wwf-3.jpeg 750w, https:\/\/mymodernmet.com\/wp\/wp-content\/uploads\/2019\/12\/climate-change-paintings-museo-del-prado-wwf-3-300x288.jpeg 300w\" sizes=\"(max-width: 750px) 100vw, 750px\" \/><\/p>\n<div id=\"attachment_255645\" style=\"width: 760px\" class=\"wp-caption alignnone\"><noscript><img decoding=\"async\" aria-describedby=\"caption-attachment-255645\" class=\"lazyload wp-image-255645 size-full\" src=\"https:\/\/mymodernmet.com\/wp\/wp-content\/uploads\/2019\/12\/climate-change-paintings-museo-del-prado-wwf-5.jpg\" alt=\"cambio climatico Museo del Prado y WWF\" width=\"750\" height=\"514\" srcset=\"https:\/\/mymodernmet.com\/wp\/wp-content\/uploads\/2019\/12\/climate-change-paintings-museo-del-prado-wwf-5.jpg 750w, https:\/\/mymodernmet.com\/wp\/wp-content\/uploads\/2019\/12\/climate-change-paintings-museo-del-prado-wwf-5-300x206.jpg 300w\" sizes=\"(max-width: 750px) 100vw, 750px\" \/><\/noscript><img decoding=\"async\" aria-describedby=\"caption-attachment-255645\" class=\"lazyload wp-image-255645 size-full\" src=\"data:image\/svg+xml,&lt;svg xmlns=&quot;http:\/\/www.w3.org\/2000\/svg&quot; viewBox=&quot;0 0 750 514&quot;&gt;&lt;\/svg&gt;\" data-src=\"https:\/\/mymodernmet.com\/wp\/wp-content\/uploads\/2019\/12\/climate-change-paintings-museo-del-prado-wwf-5.jpg\" alt=\"cambio climatico Museo del Prado y WWF\" width=\"750\" height=\"514\" data-srcset=\"https:\/\/mymodernmet.com\/wp\/wp-content\/uploads\/2019\/12\/climate-change-paintings-museo-del-prado-wwf-5.jpg 750w, https:\/\/mymodernmet.com\/wp\/wp-content\/uploads\/2019\/12\/climate-change-paintings-museo-del-prado-wwf-5-300x206.jpg 300w\" sizes=\"(max-width: 750px) 100vw, 750px\" \/><p id=\"caption-attachment-255645\" class=\"wp-caption-text\">&#8220;El quitasol&#8221; (1777) por Francisco de Goya<\/p><\/div>\n<p><noscript><img decoding=\"async\" class=\"lazyload alignnone size-full wp-image-255639\" src=\"https:\/\/mymodernmet.com\/wp\/wp-content\/uploads\/2019\/12\/climate-change-paintings-museo-del-prado-wwf-2.jpeg\" alt=\"cambio climatico Museo del Prado y WWF\" width=\"750\" height=\"514\" srcset=\"https:\/\/mymodernmet.com\/wp\/wp-content\/uploads\/2019\/12\/climate-change-paintings-museo-del-prado-wwf-2.jpeg 750w, https:\/\/mymodernmet.com\/wp\/wp-content\/uploads\/2019\/12\/climate-change-paintings-museo-del-prado-wwf-2-300x206.jpeg 300w\" sizes=\"(max-width: 750px) 100vw, 750px\" \/><\/noscript><img decoding=\"async\" class=\"lazyload alignnone size-full wp-image-255639\" src=\"data:image\/svg+xml,&lt;svg xmlns=&quot;http:\/\/www.w3.org\/2000\/svg&quot; viewBox=&quot;0 0 750 514&quot;&gt;&lt;\/svg&gt;\" data-src=\"https:\/\/mymodernmet.com\/wp\/wp-content\/uploads\/2019\/12\/climate-change-paintings-museo-del-prado-wwf-2.jpeg\" alt=\"cambio climatico Museo del Prado y WWF\" width=\"750\" height=\"514\" data-srcset=\"https:\/\/mymodernmet.com\/wp\/wp-content\/uploads\/2019\/12\/climate-change-paintings-museo-del-prado-wwf-2.jpeg 750w, https:\/\/mymodernmet.com\/wp\/wp-content\/uploads\/2019\/12\/climate-change-paintings-museo-del-prado-wwf-2-300x206.jpeg 300w\" sizes=\"(max-width: 750px) 100vw, 750px\" \/><\/p>\n<h2>La serie <em>+ 1,5&ordm;C Lo Cambia Todo <\/em>ilustra eventos catastr&oacute;ficos como aumento del nivel del mar y sequ&iacute;a.<\/h2>\n<div id=\"attachment_255649\" style=\"width: 760px\" class=\"wp-caption alignnone\"><noscript><img decoding=\"async\" aria-describedby=\"caption-attachment-255649\" class=\"lazyload wp-image-255649 size-full\" src=\"https:\/\/mymodernmet.com\/wp\/wp-content\/uploads\/2019\/12\/climate-change-paintings-museo-del-prado-wwf-7.jpg\" alt=\"cambio climatico Museo del Prado y WWF\" width=\"750\" height=\"464\" srcset=\"https:\/\/mymodernmet.com\/wp\/wp-content\/uploads\/2019\/12\/climate-change-paintings-museo-del-prado-wwf-7.jpg 750w, https:\/\/mymodernmet.com\/wp\/wp-content\/uploads\/2019\/12\/climate-change-paintings-museo-del-prado-wwf-7-300x186.jpg 300w\" sizes=\"(max-width: 750px) 100vw, 750px\" \/><\/noscript><img decoding=\"async\" aria-describedby=\"caption-attachment-255649\" class=\"lazyload wp-image-255649 size-full\" src=\"data:image\/svg+xml,&lt;svg xmlns=&quot;http:\/\/www.w3.org\/2000\/svg&quot; viewBox=&quot;0 0 750 464&quot;&gt;&lt;\/svg&gt;\" data-src=\"https:\/\/mymodernmet.com\/wp\/wp-content\/uploads\/2019\/12\/climate-change-paintings-museo-del-prado-wwf-7.jpg\" alt=\"cambio climatico Museo del Prado y WWF\" width=\"750\" height=\"464\" data-srcset=\"https:\/\/mymodernmet.com\/wp\/wp-content\/uploads\/2019\/12\/climate-change-paintings-museo-del-prado-wwf-7.jpg 750w, https:\/\/mymodernmet.com\/wp\/wp-content\/uploads\/2019\/12\/climate-change-paintings-museo-del-prado-wwf-7-300x186.jpg 300w\" sizes=\"(max-width: 750px) 100vw, 750px\" \/><p id=\"caption-attachment-255649\" class=\"wp-caption-text\">&#8220;El paso de la laguna Estigia&#8221; (c. 1515-1524) por Joachim Patinir<\/p><\/div>\n<p><noscript><img decoding=\"async\" class=\"lazyload alignnone size-full wp-image-255647\" src=\"https:\/\/mymodernmet.com\/wp\/wp-content\/uploads\/2019\/12\/climate-change-paintings-museo-del-prado-wwf-6.jpeg\" alt=\"cambio climatico Museo del Prado y WWF\" width=\"750\" height=\"464\" srcset=\"https:\/\/mymodernmet.com\/wp\/wp-content\/uploads\/2019\/12\/climate-change-paintings-museo-del-prado-wwf-6.jpeg 750w, https:\/\/mymodernmet.com\/wp\/wp-content\/uploads\/2019\/12\/climate-change-paintings-museo-del-prado-wwf-6-300x186.jpeg 300w\" sizes=\"(max-width: 750px) 100vw, 750px\" \/><\/noscript><img decoding=\"async\" class=\"lazyload alignnone size-full wp-image-255647\" src=\"data:image\/svg+xml,&lt;svg xmlns=&quot;http:\/\/www.w3.org\/2000\/svg&quot; viewBox=&quot;0 0 750 464&quot;&gt;&lt;\/svg&gt;\" data-src=\"https:\/\/mymodernmet.com\/wp\/wp-content\/uploads\/2019\/12\/climate-change-paintings-museo-del-prado-wwf-6.jpeg\" alt=\"cambio climatico Museo del Prado y WWF\" width=\"750\" height=\"464\" data-srcset=\"https:\/\/mymodernmet.com\/wp\/wp-content\/uploads\/2019\/12\/climate-change-paintings-museo-del-prado-wwf-6.jpeg 750w, https:\/\/mymodernmet.com\/wp\/wp-content\/uploads\/2019\/12\/climate-change-paintings-museo-del-prado-wwf-6-300x186.jpeg 300w\" sizes=\"(max-width: 750px) 100vw, 750px\" \/><\/p>\n<div id=\"attachment_255651\" style=\"width: 760px\" class=\"wp-caption alignnone\"><noscript><img decoding=\"async\" aria-describedby=\"caption-attachment-255651\" class=\"lazyload wp-image-255651 size-full\" src=\"https:\/\/mymodernmet.com\/wp\/wp-content\/uploads\/2019\/12\/climate-change-paintings-museo-del-prado-wwf-8.jpg\" alt=\"cambio climatico Museo del Prado y WWF\" width=\"750\" height=\"461\" srcset=\"https:\/\/mymodernmet.com\/wp\/wp-content\/uploads\/2019\/12\/climate-change-paintings-museo-del-prado-wwf-8.jpg 750w, https:\/\/mymodernmet.com\/wp\/wp-content\/uploads\/2019\/12\/climate-change-paintings-museo-del-prado-wwf-8-300x184.jpg 300w\" sizes=\"(max-width: 750px) 100vw, 750px\" \/><\/noscript><img decoding=\"async\" aria-describedby=\"caption-attachment-255651\" class=\"lazyload wp-image-255651 size-full\" src=\"data:image\/svg+xml,&lt;svg xmlns=&quot;http:\/\/www.w3.org\/2000\/svg&quot; viewBox=&quot;0 0 750 461&quot;&gt;&lt;\/svg&gt;\" data-src=\"https:\/\/mymodernmet.com\/wp\/wp-content\/uploads\/2019\/12\/climate-change-paintings-museo-del-prado-wwf-8.jpg\" alt=\"cambio climatico Museo del Prado y WWF\" width=\"750\" height=\"461\" data-srcset=\"https:\/\/mymodernmet.com\/wp\/wp-content\/uploads\/2019\/12\/climate-change-paintings-museo-del-prado-wwf-8.jpg 750w, https:\/\/mymodernmet.com\/wp\/wp-content\/uploads\/2019\/12\/climate-change-paintings-museo-del-prado-wwf-8-300x184.jpg 300w\" sizes=\"(max-width: 750px) 100vw, 750px\" \/><p id=\"caption-attachment-255651\" class=\"wp-caption-text\">&#8220;Ni&ntilde;os en la playa&#8221; (1909) por Joaqu&iacute;n Sorolla<\/p><\/div>\n<p><noscript><img decoding=\"async\" class=\"lazyload alignnone size-full wp-image-255637\" src=\"https:\/\/mymodernmet.com\/wp\/wp-content\/uploads\/2019\/12\/climate-change-paintings-museo-del-prado-wwf-1.jpeg\" alt=\"cambio climatico Museo del Prado y WWF\" width=\"750\" height=\"458\" srcset=\"https:\/\/mymodernmet.com\/wp\/wp-content\/uploads\/2019\/12\/climate-change-paintings-museo-del-prado-wwf-1.jpeg 750w, https:\/\/mymodernmet.com\/wp\/wp-content\/uploads\/2019\/12\/climate-change-paintings-museo-del-prado-wwf-1-300x183.jpeg 300w\" sizes=\"(max-width: 750px) 100vw, 750px\" \/><\/noscript><img decoding=\"async\" class=\"lazyload alignnone size-full wp-image-255637\" src=\"data:image\/svg+xml,&lt;svg xmlns=&quot;http:\/\/www.w3.org\/2000\/svg&quot; viewBox=&quot;0 0 750 458&quot;&gt;&lt;\/svg&gt;\" data-src=\"https:\/\/mymodernmet.com\/wp\/wp-content\/uploads\/2019\/12\/climate-change-paintings-museo-del-prado-wwf-1.jpeg\" alt=\"cambio climatico Museo del Prado y WWF\" width=\"750\" height=\"458\" data-srcset=\"https:\/\/mymodernmet.com\/wp\/wp-content\/uploads\/2019\/12\/climate-change-paintings-museo-del-prado-wwf-1.jpeg 750w, https:\/\/mymodernmet.com\/wp\/wp-content\/uploads\/2019\/12\/climate-change-paintings-museo-del-prado-wwf-1-300x183.jpeg 300w\" sizes=\"(max-width: 750px) 100vw, 750px\" \/><\/p>\n<p><strong>Museo del Prado: <a href=\"https:\/\/museodelprado.museumsmadrid.org\/\" target=\"_blank\" rel=\"noopener noreferrer\">Sitio web<\/a> | <a href=\"https:\/\/www.facebook.com\/museonacionaldelprado\/\" target=\"_blank\" rel=\"noopener noreferrer\">Facebook<\/a> | <a href=\"https:\/\/www.instagram.com\/museoprado\/\" target=\"_blank\" rel=\"noopener noreferrer\">Instagram<\/a> | <a href=\"https:\/\/twitter.com\/museodelprado\" target=\"_blank\" rel=\"noopener noreferrer\">Twitter<\/a> | <a href=\"https:\/\/www.youtube.com\/user\/museodelprado\" target=\"_blank\" rel=\"noopener noreferrer\">YouTube<\/a><\/strong><br \/>\n<strong>WWF: <a href=\"https:\/\/www.worldwildlife.org\/\" target=\"_blank\" rel=\"noopener noreferrer\">Sitio web<\/a> | <a href=\"https:\/\/www.facebook.com\/worldwildlifefund\" target=\"_blank\" rel=\"noopener noreferrer\">Facebook<\/a> | <a href=\"https:\/\/www.instagram.com\/World_Wildlife\/\" target=\"_blank\" rel=\"noopener noreferrer\">Instagram<\/a> | <a href=\"https:\/\/twitter.com\/world_wildlife\" target=\"_blank\" rel=\"noopener noreferrer\">Twitter<\/a> | <a href=\"https:\/\/www.youtube.com\/channel\/UCZZldeOoWhKe7SaisbCPk5Q\" target=\"_blank\" rel=\"noopener noreferrer\">YouTube<\/a><\/strong><br \/>\nh\/t: [<a href=\"https:\/\/www.thisiscolossal.com\/2019\/12\/prado-museum-climate-change\/\" target=\"_blank\" rel=\"noopener noreferrer\">Colossal<\/a>, <a href=\"http:\/\/www.openculture.com\/2019\/12\/the-prado-museum-digitally-alters-four-masterpieces-to-strikingly-illustrate-the-impact-of-climate-change.html\" target=\"_blank\" rel=\"noopener noreferrer\">Open Culture<\/a>]<\/p>\n<h4><em>Todas las im&aacute;genes v&iacute;a Museo del Prado \/ WWF.<\/em><\/h4>\n<h2><span style=\"text-decoration: underline;\">Art&iacute;culos relacionados:<\/span><\/h2>\n<p><a href=\"https:\/\/mymodernmet.com\/es\/zaria-forman-dibujos-en-pastel\/\" target=\"_blank\" rel=\"noopener noreferrer\">Dibujos hiperrealistas muestran c&oacute;mo el cambio clim&aacute;tico ha transformado el paisaje &aacute;rtico<\/a><\/p>\n<p><a href=\"https:\/\/mymodernmet.com\/es\/lines-of-light-pekka-niittyvirta-timo-aho\/\" target=\"_blank\" rel=\"noopener noreferrer\">Artistas usan rayo de luz para visualizar la l&iacute;nea de aumento del nivel del mar<\/a><\/p>\n<p><a href=\"https:\/\/mymodernmet.com\/es\/courtney-mattison-confluence-our-changing-seas-v\/\" target=\"_blank\" rel=\"noopener noreferrer\">Enorme instalaci&oacute;n de cer&aacute;mica explora la fragilidad de los arrecifes de coral<\/a><\/p>\n<p><a href=\"https:\/\/mymodernmet.com\/es\/leandro-erlich-esculturas-arena-cambio-climatico\/\" target=\"_blank\" rel=\"noopener noreferrer\">Artista crea un embotellamiento en la playa para crear conciencia sobre el cambio clim&aacute;tico<\/a><\/p>\n","protected":false},"excerpt":{"rendered":"<p>Las pinturas de los grandes maestros europeos suelen retratar escenas alegres y paisajes exuberantes pero, &iquest;c&oacute;mo se ver&iacute;an estas obras hist&oacute;ricas si los artistas hubieran experimentado el cambio clim&aacute;tico? En el marco de la Cumbre del clima 2019 en Madrid, el Museo del Prado y WWF se han unido para alterar digitalmente pinturas de la [&hellip;]<\/p>\n","protected":false},"author":320,"featured_media":0,"comment_status":"closed","ping_status":"closed","sticky":false,"template":"","format":"standard","meta":{"_acf_changed":false,"om_disable_all_campaigns":false,"footnotes":""},"categories":[168388],"tags":[175514,180805,175518,175515,299282,304331,186964,304333,304332],"class_list":["post-256390","post","type-post","status-publish","format-standard","hentry","category-arte","tag-arte-cambio-climatico","tag-arte-digital","tag-calentamiento-global","tag-cambio-climatico","tag-distopia","tag-efectos-del-cambio-climatico","tag-pinturas","tag-pinturas-historicas","tag-sequia"],"acf":[],"yoast_head":"<!-- This site is optimized with the Yoast SEO Premium plugin v26.6 (Yoast SEO v26.6) - https:\/\/yoast.com\/wordpress\/plugins\/seo\/ -->\n<title>Pinturas del Museo del Prado muestran el impacto de cambio clim\u00e1tico<\/title>\n<meta name=\"description\" content=\"El Museo del Prado y WWF se han unido para alterar digitalmente pinturas de la colecci\u00f3n del museo para enviar un mensaje sobre el cambio clim\u00e1tico.\" \/>\n<meta name=\"robots\" content=\"index, follow, max-snippet:-1, max-image-preview:large, max-video-preview:-1\" \/>\n<link rel=\"canonical\" href=\"https:\/\/mymodernmet.com\/es\/pinturas-cambio-climatico-museo-del-prado-wwf\/\" \/>\n<meta property=\"og:locale\" content=\"es_ES\" \/>\n<meta property=\"og:type\" content=\"article\" \/>\n<meta property=\"og:title\" content=\"El Museo del Prado altera 4 obras maestras para ilustrar las consecuencias del cambio clim\u00e1tico\" \/>\n<meta property=\"og:description\" content=\"\u00bfC\u00f3mo se ver\u00edan estos cuatro cuadros en un mundo con sequ\u00edas, refugiados y aumentos en el nivel del mar?\" \/>\n<meta property=\"og:url\" content=\"https:\/\/mymodernmet.com\/es\/pinturas-cambio-climatico-museo-del-prado-wwf\/\" \/>\n<meta property=\"og:site_name\" content=\"My Modern Met en Espa\u00f1ol\" \/>\n<meta property=\"article:publisher\" content=\"https:\/\/www.facebook.com\/mymodernmet\" \/>\n<meta property=\"article:published_time\" content=\"2019-12-20T18:10:38+00:00\" \/>\n<meta property=\"og:image\" content=\"https:\/\/mymodernmet.com\/wp\/wp-content\/uploads\/2019\/12\/climate-change-paintings-museo-del-prado-wwf-thumbnail.jpg\" \/>\n\t<meta property=\"og:image:width\" content=\"1200\" \/>\n\t<meta property=\"og:image:height\" content=\"630\" \/>\n\t<meta property=\"og:image:type\" content=\"image\/jpeg\" \/>\n<meta name=\"author\" content=\"Regina Sienra\" \/>\n<meta name=\"twitter:card\" content=\"summary_large_image\" \/>\n<meta name=\"twitter:title\" content=\"Pinturas del Museo del Prado muestran el impacto de cambio clim\u00e1tico\" \/>\n<meta name=\"twitter:description\" content=\"\u00bfC\u00f3mo se ver\u00edan estos cuatro cuadros en un mundo con sequ\u00edas, refugiados y aumentos en el nivel del mar?\" \/>\n<meta name=\"twitter:image\" content=\"https:\/\/mymodernmet.com\/wp\/wp-content\/uploads\/2019\/12\/climate-change-paintings-museo-del-prado-wwf-thumbnail.jpg\" \/>\n<meta name=\"twitter:creator\" content=\"@mymodernmet\" \/>\n<meta name=\"twitter:site\" content=\"@mymodernmetes\" \/>\n<meta name=\"twitter:label1\" content=\"Written by\" \/>\n\t<meta name=\"twitter:data1\" content=\"Regina Sienra\" \/>\n\t<meta name=\"twitter:label2\" content=\"Est. reading time\" \/>\n\t<meta name=\"twitter:data2\" content=\"3 minutes\" \/>\n<script type=\"application\/ld+json\" class=\"yoast-schema-graph\">{\"@context\":\"https:\/\/schema.org\",\"@graph\":[{\"@type\":\"Article\",\"@id\":\"https:\/\/mymodernmet.com\/es\/pinturas-cambio-climatico-museo-del-prado-wwf\/#article\",\"isPartOf\":{\"@id\":\"https:\/\/mymodernmet.com\/es\/pinturas-cambio-climatico-museo-del-prado-wwf\/\"},\"author\":{\"name\":\"Regina Sienra\",\"@id\":\"https:\/\/mymodernmet.com\/es\/#\/schema\/person\/968140d08ad6b9d778e1ad2f37ffe3f7\"},\"headline\":\"El Museo del Prado altera 4 obras maestras para ilustrar las consecuencias del cambio clim\u00e1tico\",\"datePublished\":\"2019-12-20T18:10:38+00:00\",\"mainEntityOfPage\":{\"@id\":\"https:\/\/mymodernmet.com\/es\/pinturas-cambio-climatico-museo-del-prado-wwf\/\"},\"wordCount\":604,\"publisher\":{\"@id\":\"https:\/\/mymodernmet.com\/es\/#organization\"},\"image\":{\"@id\":\"https:\/\/mymodernmet.com\/es\/pinturas-cambio-climatico-museo-del-prado-wwf\/#primaryimage\"},\"thumbnailUrl\":\"https:\/\/mymodernmet.com\/wp\/wp-content\/uploads\/2019\/12\/climate-change-paintings-museo-del-prado-wwf-4.jpg\",\"keywords\":[\"arte cambio clim\u00e1tico\",\"arte digital\",\"calentamiento global\",\"cambio clim\u00e1tico\",\"distopia\",\"efectos del cambio climatico\",\"pinturas\",\"pinturas hist\u00f3ricas\",\"sequia\"],\"articleSection\":[\"Arte\"],\"inLanguage\":\"es-ES\",\"copyrightYear\":\"2019\",\"copyrightHolder\":{\"@id\":\"https:\/\/mymodernmet.com\/#organization\"}},{\"@type\":\"WebPage\",\"@id\":\"https:\/\/mymodernmet.com\/es\/pinturas-cambio-climatico-museo-del-prado-wwf\/\",\"url\":\"https:\/\/mymodernmet.com\/es\/pinturas-cambio-climatico-museo-del-prado-wwf\/\",\"name\":\"Pinturas del Museo del Prado muestran el impacto de cambio clim\u00e1tico\",\"isPartOf\":{\"@id\":\"https:\/\/mymodernmet.com\/es\/#website\"},\"primaryImageOfPage\":{\"@id\":\"https:\/\/mymodernmet.com\/es\/pinturas-cambio-climatico-museo-del-prado-wwf\/#primaryimage\"},\"image\":{\"@id\":\"https:\/\/mymodernmet.com\/es\/pinturas-cambio-climatico-museo-del-prado-wwf\/#primaryimage\"},\"thumbnailUrl\":\"https:\/\/mymodernmet.com\/wp\/wp-content\/uploads\/2019\/12\/climate-change-paintings-museo-del-prado-wwf-4.jpg\",\"datePublished\":\"2019-12-20T18:10:38+00:00\",\"description\":\"El Museo del Prado y WWF se han unido para alterar digitalmente pinturas de la colecci\u00f3n del museo para enviar un mensaje sobre el cambio clim\u00e1tico.\",\"breadcrumb\":{\"@id\":\"https:\/\/mymodernmet.com\/es\/pinturas-cambio-climatico-museo-del-prado-wwf\/#breadcrumb\"},\"inLanguage\":\"es-ES\",\"potentialAction\":[{\"@type\":\"ReadAction\",\"target\":[\"https:\/\/mymodernmet.com\/es\/pinturas-cambio-climatico-museo-del-prado-wwf\/\"]}]},{\"@type\":\"ImageObject\",\"inLanguage\":\"es-ES\",\"@id\":\"https:\/\/mymodernmet.com\/es\/pinturas-cambio-climatico-museo-del-prado-wwf\/#primaryimage\",\"url\":\"https:\/\/mymodernmet.com\/wp\/wp-content\/uploads\/2019\/12\/climate-change-paintings-museo-del-prado-wwf-4.jpg\",\"contentUrl\":\"https:\/\/mymodernmet.com\/wp\/wp-content\/uploads\/2019\/12\/climate-change-paintings-museo-del-prado-wwf-4.jpg\"},{\"@type\":\"BreadcrumbList\",\"@id\":\"https:\/\/mymodernmet.com\/es\/pinturas-cambio-climatico-museo-del-prado-wwf\/#breadcrumb\",\"itemListElement\":[{\"@type\":\"ListItem\",\"position\":1,\"name\":\"Home\",\"item\":\"https:\/\/mymodernmet.com\/es\/\"},{\"@type\":\"ListItem\",\"position\":2,\"name\":\"Arte\",\"item\":\"https:\/\/mymodernmet.com\/es\/category\/arte\/\"},{\"@type\":\"ListItem\",\"position\":3,\"name\":\"El Museo del Prado altera 4 obras maestras para ilustrar las consecuencias del cambio clim\u00e1tico\"}]},{\"@type\":\"WebSite\",\"@id\":\"https:\/\/mymodernmet.com\/es\/#website\",\"url\":\"https:\/\/mymodernmet.com\/es\/\",\"name\":\"My Modern Met\",\"description\":\"The Big City That Celebrates Creative Ideas\",\"publisher\":{\"@id\":\"https:\/\/mymodernmet.com\/es\/#organization\"},\"alternateName\":\"My Modern Met\",\"potentialAction\":[{\"@type\":\"SearchAction\",\"target\":{\"@type\":\"EntryPoint\",\"urlTemplate\":\"https:\/\/mymodernmet.com\/es\/?s={search_term_string}\"},\"query-input\":{\"@type\":\"PropertyValueSpecification\",\"valueRequired\":true,\"valueName\":\"search_term_string\"}}],\"inLanguage\":\"es-ES\"},{\"@type\":\"Organization\",\"@id\":\"https:\/\/mymodernmet.com\/es\/#organization\",\"name\":\"My Modern Met\",\"alternateName\":\"My Modern Met\",\"url\":\"https:\/\/mymodernmet.com\/es\/\",\"logo\":{\"@type\":\"ImageObject\",\"inLanguage\":\"es-ES\",\"@id\":\"https:\/\/mymodernmet.com\/es\/#\/schema\/logo\/image\/\",\"url\":\"https:\/\/mymodernmet.com\/wp\/wp-content\/uploads\/2016\/12\/tumblr-logo.jpg\",\"contentUrl\":\"https:\/\/mymodernmet.com\/wp\/wp-content\/uploads\/2016\/12\/tumblr-logo.jpg\",\"width\":600,\"height\":600,\"caption\":\"My Modern Met\"},\"image\":{\"@id\":\"https:\/\/mymodernmet.com\/es\/#\/schema\/logo\/image\/\"},\"sameAs\":[\"https:\/\/www.facebook.com\/mymodernmet\",\"https:\/\/x.com\/mymodernmet\",\"https:\/\/www.instagram.com\/mymodernmet\/\",\"https:\/\/www.linkedin.com\/company\/3811009?trk=tyah&amp;amp;amp;trkInfo=clickedVertical:company,clickedEntityId:3811009,idx:2-1-2,tarId:1484473853378,tas:my modern\",\"https:\/\/www.pinterest.com\/mymodernmet\/\",\"https:\/\/www.youtube.com\/channel\/UCmiC4DC-xa6rqVJeNiRWDcQ\"]},{\"@type\":\"Person\",\"@id\":\"https:\/\/mymodernmet.com\/es\/#\/schema\/person\/968140d08ad6b9d778e1ad2f37ffe3f7\",\"name\":\"Regina Sienra\",\"image\":{\"@type\":\"ImageObject\",\"inLanguage\":\"es-ES\",\"@id\":\"https:\/\/mymodernmet.com\/es\/#\/schema\/person\/image\/\",\"url\":\"https:\/\/secure.gravatar.com\/avatar\/0b74a6cdccb33496cc44288f3df56039aab6b761220fe8727ed3bd2e6aaad66e?s=96&d=mm&r=g\",\"contentUrl\":\"https:\/\/secure.gravatar.com\/avatar\/0b74a6cdccb33496cc44288f3df56039aab6b761220fe8727ed3bd2e6aaad66e?s=96&d=mm&r=g\",\"caption\":\"Regina Sienra\"},\"description\":\"Regina Sienra es colaboradora y redactora en espa\u00f1ol para My Modern Met. Periodista y traductora originaria de la Ciudad de M\u00e9xico. Es egresada de la Universidad Nacional Aut\u00f3noma de M\u00e9xico, donde curs\u00f3 la licenciatura en Ciencias de la Comunicaci\u00f3n con especialidad en Periodismo. Su pasi\u00f3n por escribir sobre las artes visuales, la m\u00fasica, el cine, la literatura y el teatro ha dado vida a una carrera de casi 10 a\u00f1os en diversos medios culturales de M\u00e9xico, Estados Unidos y Canad\u00e1.\",\"url\":\"https:\/\/mymodernmet.com\/es\/author\/regina\/\"}]}<\/script>\n<!-- \/ Yoast SEO Premium plugin. -->","yoast_head_json":{"title":"Pinturas del Museo del Prado muestran el impacto de cambio clim\u00e1tico","description":"El Museo del Prado y WWF se han unido para alterar digitalmente pinturas de la colecci\u00f3n del museo para enviar un mensaje sobre el cambio clim\u00e1tico.","robots":{"index":"index","follow":"follow","max-snippet":"max-snippet:-1","max-image-preview":"max-image-preview:large","max-video-preview":"max-video-preview:-1"},"canonical":"https:\/\/mymodernmet.com\/es\/pinturas-cambio-climatico-museo-del-prado-wwf\/","og_locale":"es_ES","og_type":"article","og_title":"El Museo del Prado altera 4 obras maestras para ilustrar las consecuencias del cambio clim\u00e1tico","og_description":"\u00bfC\u00f3mo se ver\u00edan estos cuatro cuadros en un mundo con sequ\u00edas, refugiados y aumentos en el nivel del mar?","og_url":"https:\/\/mymodernmet.com\/es\/pinturas-cambio-climatico-museo-del-prado-wwf\/","og_site_name":"My Modern Met en Espa\u00f1ol","article_publisher":"https:\/\/www.facebook.com\/mymodernmet","article_published_time":"2019-12-20T18:10:38+00:00","og_image":[{"width":1200,"height":630,"url":"https:\/\/mymodernmet.com\/wp\/wp-content\/uploads\/2019\/12\/climate-change-paintings-museo-del-prado-wwf-thumbnail.jpg","type":"image\/jpeg"}],"author":"Regina Sienra","twitter_card":"summary_large_image","twitter_title":"Pinturas del Museo del Prado muestran el impacto de cambio clim\u00e1tico","twitter_description":"\u00bfC\u00f3mo se ver\u00edan estos cuatro cuadros en un mundo con sequ\u00edas, refugiados y aumentos en el nivel del mar?","twitter_image":"https:\/\/mymodernmet.com\/wp\/wp-content\/uploads\/2019\/12\/climate-change-paintings-museo-del-prado-wwf-thumbnail.jpg","twitter_creator":"@mymodernmet","twitter_site":"@mymodernmetes","twitter_misc":{"Written by":"Regina Sienra","Est. reading time":"3 minutes"},"schema":{"@context":"https:\/\/schema.org","@graph":[{"@type":"Article","@id":"https:\/\/mymodernmet.com\/es\/pinturas-cambio-climatico-museo-del-prado-wwf\/#article","isPartOf":{"@id":"https:\/\/mymodernmet.com\/es\/pinturas-cambio-climatico-museo-del-prado-wwf\/"},"author":{"name":"Regina Sienra","@id":"https:\/\/mymodernmet.com\/es\/#\/schema\/person\/968140d08ad6b9d778e1ad2f37ffe3f7"},"headline":"El Museo del Prado altera 4 obras maestras para ilustrar las consecuencias del cambio clim\u00e1tico","datePublished":"2019-12-20T18:10:38+00:00","mainEntityOfPage":{"@id":"https:\/\/mymodernmet.com\/es\/pinturas-cambio-climatico-museo-del-prado-wwf\/"},"wordCount":604,"publisher":{"@id":"https:\/\/mymodernmet.com\/es\/#organization"},"image":{"@id":"https:\/\/mymodernmet.com\/es\/pinturas-cambio-climatico-museo-del-prado-wwf\/#primaryimage"},"thumbnailUrl":"https:\/\/mymodernmet.com\/wp\/wp-content\/uploads\/2019\/12\/climate-change-paintings-museo-del-prado-wwf-4.jpg","keywords":["arte cambio clim\u00e1tico","arte digital","calentamiento global","cambio clim\u00e1tico","distopia","efectos del cambio climatico","pinturas","pinturas hist\u00f3ricas","sequia"],"articleSection":["Arte"],"inLanguage":"es-ES","copyrightYear":"2019","copyrightHolder":{"@id":"https:\/\/mymodernmet.com\/#organization"}},{"@type":"WebPage","@id":"https:\/\/mymodernmet.com\/es\/pinturas-cambio-climatico-museo-del-prado-wwf\/","url":"https:\/\/mymodernmet.com\/es\/pinturas-cambio-climatico-museo-del-prado-wwf\/","name":"Pinturas del Museo del Prado muestran el impacto de cambio clim\u00e1tico","isPartOf":{"@id":"https:\/\/mymodernmet.com\/es\/#website"},"primaryImageOfPage":{"@id":"https:\/\/mymodernmet.com\/es\/pinturas-cambio-climatico-museo-del-prado-wwf\/#primaryimage"},"image":{"@id":"https:\/\/mymodernmet.com\/es\/pinturas-cambio-climatico-museo-del-prado-wwf\/#primaryimage"},"thumbnailUrl":"https:\/\/mymodernmet.com\/wp\/wp-content\/uploads\/2019\/12\/climate-change-paintings-museo-del-prado-wwf-4.jpg","datePublished":"2019-12-20T18:10:38+00:00","description":"El Museo del Prado y WWF se han unido para alterar digitalmente pinturas de la colecci\u00f3n del museo para enviar un mensaje sobre el cambio clim\u00e1tico.","breadcrumb":{"@id":"https:\/\/mymodernmet.com\/es\/pinturas-cambio-climatico-museo-del-prado-wwf\/#breadcrumb"},"inLanguage":"es-ES","potentialAction":[{"@type":"ReadAction","target":["https:\/\/mymodernmet.com\/es\/pinturas-cambio-climatico-museo-del-prado-wwf\/"]}]},{"@type":"ImageObject","inLanguage":"es-ES","@id":"https:\/\/mymodernmet.com\/es\/pinturas-cambio-climatico-museo-del-prado-wwf\/#primaryimage","url":"https:\/\/mymodernmet.com\/wp\/wp-content\/uploads\/2019\/12\/climate-change-paintings-museo-del-prado-wwf-4.jpg","contentUrl":"https:\/\/mymodernmet.com\/wp\/wp-content\/uploads\/2019\/12\/climate-change-paintings-museo-del-prado-wwf-4.jpg"},{"@type":"BreadcrumbList","@id":"https:\/\/mymodernmet.com\/es\/pinturas-cambio-climatico-museo-del-prado-wwf\/#breadcrumb","itemListElement":[{"@type":"ListItem","position":1,"name":"Home","item":"https:\/\/mymodernmet.com\/es\/"},{"@type":"ListItem","position":2,"name":"Arte","item":"https:\/\/mymodernmet.com\/es\/category\/arte\/"},{"@type":"ListItem","position":3,"name":"El Museo del Prado altera 4 obras maestras para ilustrar las consecuencias del cambio clim\u00e1tico"}]},{"@type":"WebSite","@id":"https:\/\/mymodernmet.com\/es\/#website","url":"https:\/\/mymodernmet.com\/es\/","name":"My Modern Met","description":"The Big City That Celebrates Creative Ideas","publisher":{"@id":"https:\/\/mymodernmet.com\/es\/#organization"},"alternateName":"My Modern Met","potentialAction":[{"@type":"SearchAction","target":{"@type":"EntryPoint","urlTemplate":"https:\/\/mymodernmet.com\/es\/?s={search_term_string}"},"query-input":{"@type":"PropertyValueSpecification","valueRequired":true,"valueName":"search_term_string"}}],"inLanguage":"es-ES"},{"@type":"Organization","@id":"https:\/\/mymodernmet.com\/es\/#organization","name":"My Modern Met","alternateName":"My Modern Met","url":"https:\/\/mymodernmet.com\/es\/","logo":{"@type":"ImageObject","inLanguage":"es-ES","@id":"https:\/\/mymodernmet.com\/es\/#\/schema\/logo\/image\/","url":"https:\/\/mymodernmet.com\/wp\/wp-content\/uploads\/2016\/12\/tumblr-logo.jpg","contentUrl":"https:\/\/mymodernmet.com\/wp\/wp-content\/uploads\/2016\/12\/tumblr-logo.jpg","width":600,"height":600,"caption":"My Modern Met"},"image":{"@id":"https:\/\/mymodernmet.com\/es\/#\/schema\/logo\/image\/"},"sameAs":["https:\/\/www.facebook.com\/mymodernmet","https:\/\/x.com\/mymodernmet","https:\/\/www.instagram.com\/mymodernmet\/","https:\/\/www.linkedin.com\/company\/3811009?trk=tyah&amp;amp;amp;trkInfo=clickedVertical:company,clickedEntityId:3811009,idx:2-1-2,tarId:1484473853378,tas:my modern","https:\/\/www.pinterest.com\/mymodernmet\/","https:\/\/www.youtube.com\/channel\/UCmiC4DC-xa6rqVJeNiRWDcQ"]},{"@type":"Person","@id":"https:\/\/mymodernmet.com\/es\/#\/schema\/person\/968140d08ad6b9d778e1ad2f37ffe3f7","name":"Regina Sienra","image":{"@type":"ImageObject","inLanguage":"es-ES","@id":"https:\/\/mymodernmet.com\/es\/#\/schema\/person\/image\/","url":"https:\/\/secure.gravatar.com\/avatar\/0b74a6cdccb33496cc44288f3df56039aab6b761220fe8727ed3bd2e6aaad66e?s=96&d=mm&r=g","contentUrl":"https:\/\/secure.gravatar.com\/avatar\/0b74a6cdccb33496cc44288f3df56039aab6b761220fe8727ed3bd2e6aaad66e?s=96&d=mm&r=g","caption":"Regina Sienra"},"description":"Regina Sienra es colaboradora y redactora en espa\u00f1ol para My Modern Met. Periodista y traductora originaria de la Ciudad de M\u00e9xico. Es egresada de la Universidad Nacional Aut\u00f3noma de M\u00e9xico, donde curs\u00f3 la licenciatura en Ciencias de la Comunicaci\u00f3n con especialidad en Periodismo. Su pasi\u00f3n por escribir sobre las artes visuales, la m\u00fasica, el cine, la literatura y el teatro ha dado vida a una carrera de casi 10 a\u00f1os en diversos medios culturales de M\u00e9xico, Estados Unidos y Canad\u00e1.","url":"https:\/\/mymodernmet.com\/es\/author\/regina\/"}]}},"_links":{"self":[{"href":"https:\/\/mymodernmet.com\/es\/wp-json\/wp\/v2\/posts\/256390","targetHints":{"allow":["GET"]}}],"collection":[{"href":"https:\/\/mymodernmet.com\/es\/wp-json\/wp\/v2\/posts"}],"about":[{"href":"https:\/\/mymodernmet.com\/es\/wp-json\/wp\/v2\/types\/post"}],"author":[{"embeddable":true,"href":"https:\/\/mymodernmet.com\/es\/wp-json\/wp\/v2\/users\/320"}],"replies":[{"embeddable":true,"href":"https:\/\/mymodernmet.com\/es\/wp-json\/wp\/v2\/comments?post=256390"}],"version-history":[{"count":10,"href":"https:\/\/mymodernmet.com\/es\/wp-json\/wp\/v2\/posts\/256390\/revisions"}],"predecessor-version":[{"id":256571,"href":"https:\/\/mymodernmet.com\/es\/wp-json\/wp\/v2\/posts\/256390\/revisions\/256571"}],"wp:attachment":[{"href":"https:\/\/mymodernmet.com\/es\/wp-json\/wp\/v2\/media?parent=256390"}],"wp:term":[{"taxonomy":"category","embeddable":true,"href":"https:\/\/mymodernmet.com\/es\/wp-json\/wp\/v2\/categories?post=256390"},{"taxonomy":"post_tag","embeddable":true,"href":"https:\/\/mymodernmet.com\/es\/wp-json\/wp\/v2\/tags?post=256390"}],"curies":[{"name":"wp","href":"https:\/\/api.w.org\/{rel}","templated":true}]}}