{"id":270542,"date":"2020-02-26T14:55:56","date_gmt":"2020-02-26T19:55:56","guid":{"rendered":"https:\/\/mymodernmet.com\/?p=270542"},"modified":"2020-02-26T22:10:24","modified_gmt":"2020-02-27T03:10:24","slug":"hospicio-cabanas","status":"publish","type":"post","link":"https:\/\/mymodernmet.com\/es\/hospicio-cabanas\/","title":{"rendered":"Hospicio Caba\u00f1as: De albergue para desamparados a un extraordinario instituto cultural"},"content":{"rendered":"<div id=\"attachment_270547\" style=\"width: 760px\" class=\"wp-caption alignnone\"><a href=\"https:\/\/mymodernmet.com\/wp\/wp-content\/uploads\/2020\/02\/hospicio-cabanas-1.jpg\"><noscript><img decoding=\"async\" aria-describedby=\"caption-attachment-270547\" class=\"lazyload wp-image-270547 size-full\" src=\"https:\/\/mymodernmet.com\/wp\/wp-content\/uploads\/2020\/02\/hospicio-cabanas-1.jpg\" alt=\"Hospicio cabanas\" width=\"750\" height=\"500\" srcset=\"https:\/\/mymodernmet.com\/wp\/wp-content\/uploads\/2020\/02\/hospicio-cabanas-1.jpg 750w, https:\/\/mymodernmet.com\/wp\/wp-content\/uploads\/2020\/02\/hospicio-cabanas-1-300x200.jpg 300w\" sizes=\"(max-width: 750px) 100vw, 750px\" \/><\/noscript><img decoding=\"async\" aria-describedby=\"caption-attachment-270547\" class=\"lazyload wp-image-270547 size-full\" src=\"data:image\/svg+xml,&lt;svg xmlns=&quot;http:\/\/www.w3.org\/2000\/svg&quot; viewBox=&quot;0 0 750 500&quot;&gt;&lt;\/svg&gt;\" data-src=\"https:\/\/mymodernmet.com\/wp\/wp-content\/uploads\/2020\/02\/hospicio-cabanas-1.jpg\" alt=\"Hospicio cabanas\" width=\"750\" height=\"500\" data-srcset=\"https:\/\/mymodernmet.com\/wp\/wp-content\/uploads\/2020\/02\/hospicio-cabanas-1.jpg 750w, https:\/\/mymodernmet.com\/wp\/wp-content\/uploads\/2020\/02\/hospicio-cabanas-1-300x200.jpg 300w\" sizes=\"(max-width: 750px) 100vw, 750px\" \/><\/a><p id=\"caption-attachment-270547\" class=\"wp-caption-text\"><span class=\"s1\"><a href=\"https:\/\/www.shutterstock.com\/photos\">Fotos de stock<\/a><\/span><span class=\"s2\"> por Diego Grandi<\/span>\/Shutterstock<\/p><\/div>\n<p>El <a href=\"https:\/\/museocabanas.jalisco.gob.mx\/\" target=\"_blank\" rel=\"noopener noreferrer\"><strong>Hospicio Caba&ntilde;as<\/strong><\/a>, ubicado en la ciudad de Guadalajara, ha sido testigo de los grandes cambios de la historia de M&eacute;xico, pero su propio pasado es a&uacute;n m&aacute;s fascinante. De albergue para los necesitados a cuartel militar y, recientemente, a instituci&oacute;n cultural, este recinto combina arquitectura neocl&aacute;sica con el impulso moderno del siglo XX, que cobra vida a trav&eacute;s de los majestuosos murales del pintor <strong>Jos&eacute; Clemente Orozco<\/strong>.<\/p>\n<p><span style=\"font-weight: 400;\">Este recinto fue dise&ntilde;ado por el c&eacute;lebre arquitecto espa&ntilde;ol <strong>Manuel Tols&aacute;<\/strong> (1757-1816) &ndash;quien concluy&oacute; la construcci&oacute;n de la Catedral Metropolitana de la Ciudad de M&eacute;xico y cre&oacute; otros edificios del centro de la capital mexicana&ndash; por encargo del <strong>Juan Cruz Ruiz de Caba&ntilde;as y Crespo<\/strong>, un obispo que en 1796 tuvo la idea de construir un hogar para ni&ntilde;os hu&eacute;rfanos. Eventualmente, Caba&ntilde;as ampliar&iacute;a su misi&oacute;n para recibir y asistir a ancianos, enfermos y personas desamparadas.<\/span><\/p>\n<div id=\"attachment_270557\" style=\"width: 760px\" class=\"wp-caption alignnone\"><a href=\"https:\/\/mymodernmet.com\/wp\/wp-content\/uploads\/2020\/02\/hospicio-cabanas-2-1.jpg\"><noscript><img decoding=\"async\" aria-describedby=\"caption-attachment-270557\" class=\"lazyload size-full wp-image-270557\" src=\"https:\/\/mymodernmet.com\/wp\/wp-content\/uploads\/2020\/02\/hospicio-cabanas-2-1.jpg\" alt=\"hospicio caba&ntilde;as interior\" width=\"750\" height=\"500\" srcset=\"https:\/\/mymodernmet.com\/wp\/wp-content\/uploads\/2020\/02\/hospicio-cabanas-2-1.jpg 750w, https:\/\/mymodernmet.com\/wp\/wp-content\/uploads\/2020\/02\/hospicio-cabanas-2-1-300x200.jpg 300w\" sizes=\"(max-width: 750px) 100vw, 750px\" \/><\/noscript><img decoding=\"async\" aria-describedby=\"caption-attachment-270557\" class=\"lazyload size-full wp-image-270557\" src=\"data:image\/svg+xml,&lt;svg xmlns=&quot;http:\/\/www.w3.org\/2000\/svg&quot; viewBox=&quot;0 0 750 500&quot;&gt;&lt;\/svg&gt;\" data-src=\"https:\/\/mymodernmet.com\/wp\/wp-content\/uploads\/2020\/02\/hospicio-cabanas-2-1.jpg\" alt=\"hospicio caba&ntilde;as interior\" width=\"750\" height=\"500\" data-srcset=\"https:\/\/mymodernmet.com\/wp\/wp-content\/uploads\/2020\/02\/hospicio-cabanas-2-1.jpg 750w, https:\/\/mymodernmet.com\/wp\/wp-content\/uploads\/2020\/02\/hospicio-cabanas-2-1-300x200.jpg 300w\" sizes=\"(max-width: 750px) 100vw, 750px\" \/><\/a><p id=\"caption-attachment-270557\" class=\"wp-caption-text\"><span class=\"s1\"><a href=\"https:\/\/www.shutterstock.com\/photos\">Fotos de stock<\/a><\/span><span class=\"s2\"> por Omaly Darcia<\/span>\/Shutterstock<\/p><\/div>\n<p><span style=\"font-weight: 400;\">Tols&aacute; se inspir&oacute; en el <strong>H&ocirc;tel des Invalides<\/strong> de Par&iacute;s y <strong>El Escorial<\/strong> a las afueras de Madrid para dise&ntilde;ar este enorme recinto. El Hospicio Caba&ntilde;as, que ocupa un terreno rectangular de 164 por 145 metros, destaca por su dise&ntilde;o sencillo pero funcional y su balance entre espacios al aire libre y edificios. &ldquo;El conjunto arquitect&oacute;nico es &uacute;nico en su g&eacute;nero porque, a diferencia de los centros an&aacute;logos de su &eacute;poca, presenta una serie de elementos absolutamente originales, especialmente concebidos para satisfacer las necesidades de los asilados&rdquo;, se&ntilde;ala la <a href=\"https:\/\/whc.unesco.org\/en\/list\/815\/\" target=\"_blank\" rel=\"noopener noreferrer\">UNESCO<\/a>.&nbsp;<\/span><\/p>\n<p>Debido al tumultuoso periodo en el que fue construido, el Hospicio Caba&ntilde;as sirvi&oacute; su prop&oacute;sito principal de forma intermitente. En 1810, abri&oacute; sus puertas con el nombre de &#8220;<strong>La Casa de Caridad y Misericordia<\/strong>&#8220;; sin embargo, la Guerra de Independencia estall&oacute; unos meses despu&eacute;s, por lo que fue convertido en cuartel militar por algunos a&ntilde;os. Con la separaci&oacute;n de la Iglesia y el Estado en 1857, el edificio se convirti&oacute; en propiedad de la naci&oacute;n, y en 1874 la administraci&oacute;n pas&oacute; a manos del gobierno.<\/p>\n<div id=\"attachment_270594\" style=\"width: 760px\" class=\"wp-caption alignnone\"><a href=\"https:\/\/mymodernmet.com\/wp\/wp-content\/uploads\/2020\/02\/hospicio-cabanas-3.jpg\"><noscript><img decoding=\"async\" aria-describedby=\"caption-attachment-270594\" class=\"lazyload size-full wp-image-270594\" src=\"https:\/\/mymodernmet.com\/wp\/wp-content\/uploads\/2020\/02\/hospicio-cabanas-3.jpg\" alt=\"jose clemente orozco hospicio caba&ntilde;as\" width=\"750\" height=\"501\" srcset=\"https:\/\/mymodernmet.com\/wp\/wp-content\/uploads\/2020\/02\/hospicio-cabanas-3.jpg 750w, https:\/\/mymodernmet.com\/wp\/wp-content\/uploads\/2020\/02\/hospicio-cabanas-3-300x200.jpg 300w\" sizes=\"(max-width: 750px) 100vw, 750px\" \/><\/noscript><img decoding=\"async\" aria-describedby=\"caption-attachment-270594\" class=\"lazyload size-full wp-image-270594\" src=\"data:image\/svg+xml,&lt;svg xmlns=&quot;http:\/\/www.w3.org\/2000\/svg&quot; viewBox=&quot;0 0 750 501&quot;&gt;&lt;\/svg&gt;\" data-src=\"https:\/\/mymodernmet.com\/wp\/wp-content\/uploads\/2020\/02\/hospicio-cabanas-3.jpg\" alt=\"jose clemente orozco hospicio caba&ntilde;as\" width=\"750\" height=\"501\" data-srcset=\"https:\/\/mymodernmet.com\/wp\/wp-content\/uploads\/2020\/02\/hospicio-cabanas-3.jpg 750w, https:\/\/mymodernmet.com\/wp\/wp-content\/uploads\/2020\/02\/hospicio-cabanas-3-300x200.jpg 300w\" sizes=\"(max-width: 750px) 100vw, 750px\" \/><\/a><p id=\"caption-attachment-270594\" class=\"wp-caption-text\"><span class=\"s1\"><a href=\"https:\/\/www.shutterstock.com\/photos\">Fotos de stock<\/a><\/span><span class=\"s2\"> por zeelichsheng<\/span>\/Shutterstock<\/p><\/div>\n<h2>Los murales de Jos&eacute; Clemente Orozco<\/h2>\n<p><span style=\"font-weight: 400;\">En 1937, el pintor jalisciense Jos&eacute; Clemente Orozco &ndash;uno de los grandes exponentes del <strong>muralismo mexicano<\/strong> junto con <a href=\"https:\/\/mymodernmet.com\/es\/murales-diego-rivera\/\" target=\"_blank\" rel=\"noopener noreferrer\">Diego Rivera<\/a> y David Alfaro Siqueiros&ndash; fue invitado a pintar la capilla del inmueble, dando origen a una extraordinaria colecci&oacute;n de <strong>57 murales<\/strong> que conforman la joya de la corona del Hospicio Caba&ntilde;as y que hoy son consideradas obras maestras del arte latinoamericano.&nbsp;<\/span><\/p>\n<p><span style=\"font-weight: 400;\">Pintadas entre septiembre de 1937 y marzo de 1939, las piezas abordan temas como ritos prehist&oacute;ricos, las ra&iacute;ces culturales de los pueblos ind&iacute;genas de la regi&oacute;n, la opresi&oacute;n ejercida por los conquistadores espa&ntilde;oles y la lucha independentista de M&eacute;xico. Orozco, un pintor comprometido con las causas sociales, es recordado por su estilo din&aacute;mico con tendencias dram&aacute;ticas. En los murales del Hospicio Caba&ntilde;as se puede apreciar la influencia que tuvieron los eventos que el pintor presenci&oacute; durante su vida, como la Revoluci&oacute;n mexicana, la Gran Depresi&oacute;n, y la guerra civil espa&ntilde;ola.&nbsp;<\/span><\/p>\n<p>Entre estos frescos destaca <strong><em>El hombre en llamas<\/em><\/strong>, pintado en la c&uacute;pula de la capilla. Este mural de 11 metros de largo sintetiza las ideas y sentimientos de Orozco, planteando el dolor y la violencia como hilos conductores de la historia de la humanidad.<\/p>\n<div id=\"attachment_270611\" style=\"width: 760px\" class=\"wp-caption alignnone\"><a href=\"https:\/\/mymodernmet.com\/wp\/wp-content\/uploads\/2020\/02\/hospicio-cabanas-4.jpg\"><noscript><img decoding=\"async\" aria-describedby=\"caption-attachment-270611\" class=\"lazyload size-full wp-image-270611\" src=\"https:\/\/mymodernmet.com\/wp\/wp-content\/uploads\/2020\/02\/hospicio-cabanas-4.jpg\" alt=\"hospicio caba&ntilde;as murales\" width=\"750\" height=\"500\" srcset=\"https:\/\/mymodernmet.com\/wp\/wp-content\/uploads\/2020\/02\/hospicio-cabanas-4.jpg 750w, https:\/\/mymodernmet.com\/wp\/wp-content\/uploads\/2020\/02\/hospicio-cabanas-4-300x200.jpg 300w\" sizes=\"(max-width: 750px) 100vw, 750px\" \/><\/noscript><img decoding=\"async\" aria-describedby=\"caption-attachment-270611\" class=\"lazyload size-full wp-image-270611\" src=\"data:image\/svg+xml,&lt;svg xmlns=&quot;http:\/\/www.w3.org\/2000\/svg&quot; viewBox=&quot;0 0 750 500&quot;&gt;&lt;\/svg&gt;\" data-src=\"https:\/\/mymodernmet.com\/wp\/wp-content\/uploads\/2020\/02\/hospicio-cabanas-4.jpg\" alt=\"hospicio caba&ntilde;as murales\" width=\"750\" height=\"500\" data-srcset=\"https:\/\/mymodernmet.com\/wp\/wp-content\/uploads\/2020\/02\/hospicio-cabanas-4.jpg 750w, https:\/\/mymodernmet.com\/wp\/wp-content\/uploads\/2020\/02\/hospicio-cabanas-4-300x200.jpg 300w\" sizes=\"(max-width: 750px) 100vw, 750px\" \/><\/a><p id=\"caption-attachment-270611\" class=\"wp-caption-text\"><span class=\"s1\"><a href=\"https:\/\/www.shutterstock.com\/photos\">Fotos de stock<\/a><\/span><span class=\"s2\"> por LLUCO<\/span>\/Shutterstock<\/p><\/div>\n<h2>El Hospicio Caba&ntilde;as hoy<\/h2>\n<p><span style=\"font-weight: 400;\">En 1980, el Hospicio Caba&ntilde;as cambi&oacute; de giro para dedicarse de lleno a la promoci&oacute;n y difusi&oacute;n de la cultura. Los ni&ntilde;os que a&uacute;n habitaban el edificio fueron trasladados a un nuevo hogar y el inmueble fue renovado para convertirlo en un espacio dedicado a las artes. As&iacute;, tres a&ntilde;os despu&eacute;s, abri&oacute; sus puertas con el nombre de <strong>Instituto Cultural Caba&ntilde;as<\/strong>.<\/span><\/p>\n<p><span style=\"font-weight: 400;\">Adem&aacute;s de los espectaculares murales de Jos&eacute; Clemente Orozco, el Hospicio Caba&ntilde;as alberga una parte de la colecci&oacute;n de artes populares del pintor <strong>Roberto Montenegro<\/strong>, as&iacute; como una serie de obras del artista de origen alem&aacute;n <strong>Mathias Goeritz<\/strong>. Este museo tambi&eacute;n aloja exposiciones temporales, ofrece talleres creativos y cuenta con una extraordinaria Biblioteca de Artes y Museograf&iacute;a que est&aacute; a disposici&oacute;n de los investigadores de estas disciplinas.<\/span><\/p>\n<p><span style=\"font-weight: 400;\">Gracias a su dise&ntilde;o arquitect&oacute;nico, singular historia y magn&iacute;ficos murales, el Hospicio Caba&ntilde;as fue incorporado a la lista de <strong>Patrimonio Cultural de la Humanidad de la UNESCO<\/strong> en 1997. Hoy en d&iacute;a es considerado no solo el museo m&aacute;s importante de Guadalajara, sino uno de los espacios culturales m&aacute;s importantes de M&eacute;xico.&nbsp;<\/span><\/p>\n<h2><u>Art&iacute;culos relacionados:<\/u><\/h2>\n<p><a href=\"https:\/\/mymodernmet.com\/es\/murales-diego-rivera\/\" target=\"_blank\" rel=\"noopener noreferrer\">Diego Rivera: Explorando el legado del famoso muralista mexicano<\/a><\/p>\n<p><a href=\"https:\/\/mymodernmet.com\/es\/jose-guadalupe-posada\/\" target=\"_blank\" rel=\"noopener noreferrer\">Jos&eacute; Guadalupe Posada: Conoce el impresionante legado del creador de &lsquo;La Catrina&rsquo;<\/a><\/p>\n<p><a href=\"https:\/\/mymodernmet.com\/es\/angel-de-la-independencia\/\" target=\"_blank\" rel=\"noopener noreferrer\">7 Datos fascinantes sobre el &Aacute;ngel de la Independencia<\/a><\/p>\n<p><a href=\"https:\/\/mymodernmet.com\/es\/artistas-hispanos-famosos\/\" target=\"_blank\" rel=\"noopener noreferrer\">10 Grandes pintores hispanos que dieron forma a la cultura occidental<\/a><\/p>\n","protected":false},"excerpt":{"rendered":"<p>El Hospicio Caba&ntilde;as, ubicado en la ciudad de Guadalajara, ha sido testigo de los grandes cambios de la historia de M&eacute;xico, pero su propio pasado es a&uacute;n m&aacute;s fascinante. De albergue para los necesitados a cuartel militar y, recientemente, a instituci&oacute;n cultural, este recinto combina arquitectura neocl&aacute;sica con el impulso moderno del siglo XX, que [&hellip;]<\/p>\n","protected":false},"author":320,"featured_media":0,"comment_status":"closed","ping_status":"closed","sticky":false,"template":"","format":"standard","meta":{"_acf_changed":false,"om_disable_all_campaigns":false,"_wp_convertkit_post_meta":{"form":"-1","landing_page":"0","tag":"0","restrict_content":"0"},"_ef_editorial_meta_date_first-draft-date":"","_ef_editorial_meta_paragraph_assignment":"","_ef_editorial_meta_checkbox_needs-photo":"","_ef_editorial_meta_number_word-count":"","footnotes":""},"categories":[168387,168410],"tags":[320702,278639,320441,320442,320444,320445,221913,178173,320701,320443],"class_list":["post-270542","post","type-post","status-publish","format-standard","hentry","category-arquitectura","category-historia","tag-clemente-orozco","tag-guadalajara-es","tag-hospicio-cabanas","tag-instituto-cultural-cabanas","tag-jose-clemente-orozco","tag-manuel-tolsa","tag-mexico-es","tag-murales","tag-muralismo","tag-museo-cabanas"],"acf":[],"yoast_head":"<!-- This site is optimized with the Yoast SEO Premium plugin v27.4 (Yoast SEO v27.4) - https:\/\/yoast.com\/product\/yoast-seo-premium-wordpress\/ -->\n<title>Hospicio Caba\u00f1as: de albergue a invaluable instituto cultural<\/title>\n<meta name=\"description\" content=\"El Hospicio Caba\u00f1as forma parte del Patrimonio Mundial y alberga los magn\u00edficos murales de Jos\u00e9 Clemente Orozco, pero \u00bfconoces su historia?\" \/>\n<meta name=\"robots\" content=\"index, follow, max-snippet:-1, max-image-preview:large, max-video-preview:-1\" \/>\n<link rel=\"canonical\" href=\"https:\/\/mymodernmet.com\/es\/hospicio-cabanas\/\" \/>\n<meta property=\"og:locale\" content=\"es_ES\" \/>\n<meta property=\"og:type\" content=\"article\" \/>\n<meta property=\"og:title\" content=\"Hospicio Caba\u00f1as: De albergue para desamparados a un extraordinario instituto cultural\" \/>\n<meta property=\"og:description\" content=\"Este recinto, que alberga los magn\u00edficos frescos de Jos\u00e9 Clemente Orozco, forma parte del Patrimonio Cultural de la Humanidad de la UNESCO desde 1997.\" \/>\n<meta property=\"og:url\" content=\"https:\/\/mymodernmet.com\/es\/hospicio-cabanas\/\" \/>\n<meta property=\"og:site_name\" content=\"My Modern Met en Espa\u00f1ol\" \/>\n<meta property=\"article:publisher\" content=\"https:\/\/www.facebook.com\/mymodernmet\" \/>\n<meta property=\"article:published_time\" content=\"2020-02-26T19:55:56+00:00\" \/>\n<meta property=\"article:modified_time\" content=\"2020-02-27T03:10:24+00:00\" \/>\n<meta property=\"og:image\" content=\"https:\/\/mymodernmet.com\/wp\/wp-content\/uploads\/2020\/02\/hospicio-cabanas-fb.jpg\" \/>\n\t<meta property=\"og:image:width\" content=\"1200\" \/>\n\t<meta property=\"og:image:height\" content=\"630\" \/>\n\t<meta property=\"og:image:type\" content=\"image\/jpeg\" \/>\n<meta name=\"author\" content=\"Regina Sienra\" \/>\n<meta name=\"twitter:card\" content=\"summary_large_image\" \/>\n<meta name=\"twitter:title\" content=\"Hospicio Caba\u00f1as: de albergue a invaluable recinto cultural\" \/>\n<meta name=\"twitter:description\" content=\"Este recinto, que alberga los magn\u00edficos frescos de Jos\u00e9 Clemente Orozco, forma parte del Patrimonio Cultural de la Humanidad de la UNESCO.\" \/>\n<meta name=\"twitter:image\" content=\"https:\/\/mymodernmet.com\/wp\/wp-content\/uploads\/2020\/02\/hospicio-cabanas-fb.jpg\" \/>\n<meta name=\"twitter:creator\" content=\"@mymodernmet\" \/>\n<meta name=\"twitter:site\" content=\"@mymodernmetes\" \/>\n<meta name=\"twitter:label1\" content=\"Written by\" \/>\n\t<meta name=\"twitter:data1\" content=\"Regina Sienra\" \/>\n\t<meta name=\"twitter:label2\" content=\"Est. reading time\" \/>\n\t<meta name=\"twitter:data2\" content=\"4 minutes\" \/>\n<script type=\"application\/ld+json\" class=\"yoast-schema-graph\">{\"@context\":\"https:\\\/\\\/schema.org\",\"@graph\":[{\"@type\":\"Article\",\"@id\":\"https:\\\/\\\/mymodernmet.com\\\/es\\\/hospicio-cabanas\\\/#article\",\"isPartOf\":{\"@id\":\"https:\\\/\\\/mymodernmet.com\\\/es\\\/hospicio-cabanas\\\/\"},\"author\":{\"name\":\"Regina Sienra\",\"@id\":\"https:\\\/\\\/mymodernmet.com\\\/es\\\/#\\\/schema\\\/person\\\/968140d08ad6b9d778e1ad2f37ffe3f7\"},\"headline\":\"Hospicio Caba\u00f1as: De albergue para desamparados a un extraordinario instituto cultural\",\"datePublished\":\"2020-02-26T19:55:56+00:00\",\"dateModified\":\"2020-02-27T03:10:24+00:00\",\"mainEntityOfPage\":{\"@id\":\"https:\\\/\\\/mymodernmet.com\\\/es\\\/hospicio-cabanas\\\/\"},\"wordCount\":872,\"publisher\":{\"@id\":\"https:\\\/\\\/mymodernmet.com\\\/es\\\/#organization\"},\"image\":{\"@id\":\"https:\\\/\\\/mymodernmet.com\\\/es\\\/hospicio-cabanas\\\/#primaryimage\"},\"thumbnailUrl\":\"https:\\\/\\\/mymodernmet.com\\\/wp\\\/wp-content\\\/uploads\\\/2020\\\/02\\\/hospicio-cabanas-1.jpg\",\"keywords\":[\"clemente orozco\",\"guadalajara\",\"hospicio caba\u00f1as\",\"instituto cultural cabanas\",\"jose clemente orozco\",\"manuel tolsa\",\"mexico\",\"murales\",\"muralismo\",\"museo caba\u00f1as\"],\"articleSection\":[\"Arquitectura\",\"Historia\"],\"inLanguage\":\"es-ES\",\"copyrightYear\":\"2020\",\"copyrightHolder\":{\"@id\":\"https:\\\/\\\/mymodernmet.com\\\/#organization\"}},{\"@type\":\"WebPage\",\"@id\":\"https:\\\/\\\/mymodernmet.com\\\/es\\\/hospicio-cabanas\\\/\",\"url\":\"https:\\\/\\\/mymodernmet.com\\\/es\\\/hospicio-cabanas\\\/\",\"name\":\"Hospicio Caba\u00f1as: de albergue a invaluable instituto cultural\",\"isPartOf\":{\"@id\":\"https:\\\/\\\/mymodernmet.com\\\/es\\\/#website\"},\"primaryImageOfPage\":{\"@id\":\"https:\\\/\\\/mymodernmet.com\\\/es\\\/hospicio-cabanas\\\/#primaryimage\"},\"image\":{\"@id\":\"https:\\\/\\\/mymodernmet.com\\\/es\\\/hospicio-cabanas\\\/#primaryimage\"},\"thumbnailUrl\":\"https:\\\/\\\/mymodernmet.com\\\/wp\\\/wp-content\\\/uploads\\\/2020\\\/02\\\/hospicio-cabanas-1.jpg\",\"datePublished\":\"2020-02-26T19:55:56+00:00\",\"dateModified\":\"2020-02-27T03:10:24+00:00\",\"description\":\"El Hospicio Caba\u00f1as forma parte del Patrimonio Mundial y alberga los magn\u00edficos murales de Jos\u00e9 Clemente Orozco, pero \u00bfconoces su historia?\",\"breadcrumb\":{\"@id\":\"https:\\\/\\\/mymodernmet.com\\\/es\\\/hospicio-cabanas\\\/#breadcrumb\"},\"inLanguage\":\"es-ES\",\"potentialAction\":[{\"@type\":\"ReadAction\",\"target\":[\"https:\\\/\\\/mymodernmet.com\\\/es\\\/hospicio-cabanas\\\/\"]}]},{\"@type\":\"ImageObject\",\"inLanguage\":\"es-ES\",\"@id\":\"https:\\\/\\\/mymodernmet.com\\\/es\\\/hospicio-cabanas\\\/#primaryimage\",\"url\":\"https:\\\/\\\/mymodernmet.com\\\/wp\\\/wp-content\\\/uploads\\\/2020\\\/02\\\/hospicio-cabanas-1.jpg\",\"contentUrl\":\"https:\\\/\\\/mymodernmet.com\\\/wp\\\/wp-content\\\/uploads\\\/2020\\\/02\\\/hospicio-cabanas-1.jpg\"},{\"@type\":\"BreadcrumbList\",\"@id\":\"https:\\\/\\\/mymodernmet.com\\\/es\\\/hospicio-cabanas\\\/#breadcrumb\",\"itemListElement\":[{\"@type\":\"ListItem\",\"position\":1,\"name\":\"Home\",\"item\":\"https:\\\/\\\/mymodernmet.com\\\/es\\\/\"},{\"@type\":\"ListItem\",\"position\":2,\"name\":\"Historia\",\"item\":\"https:\\\/\\\/mymodernmet.com\\\/es\\\/category\\\/historia\\\/\"},{\"@type\":\"ListItem\",\"position\":3,\"name\":\"Hospicio Caba\u00f1as: De albergue para desamparados a un extraordinario instituto cultural\"}]},{\"@type\":\"WebSite\",\"@id\":\"https:\\\/\\\/mymodernmet.com\\\/es\\\/#website\",\"url\":\"https:\\\/\\\/mymodernmet.com\\\/es\\\/\",\"name\":\"My Modern Met\",\"description\":\"The Big City That Celebrates Creative Ideas\",\"publisher\":{\"@id\":\"https:\\\/\\\/mymodernmet.com\\\/es\\\/#organization\"},\"alternateName\":\"My Modern Met\",\"potentialAction\":[{\"@type\":\"SearchAction\",\"target\":{\"@type\":\"EntryPoint\",\"urlTemplate\":\"https:\\\/\\\/mymodernmet.com\\\/es\\\/?s={search_term_string}\"},\"query-input\":{\"@type\":\"PropertyValueSpecification\",\"valueRequired\":true,\"valueName\":\"search_term_string\"}}],\"inLanguage\":\"es-ES\"},{\"@type\":\"Organization\",\"@id\":\"https:\\\/\\\/mymodernmet.com\\\/es\\\/#organization\",\"name\":\"My Modern Met\",\"alternateName\":\"My Modern Met\",\"url\":\"https:\\\/\\\/mymodernmet.com\\\/es\\\/\",\"logo\":{\"@type\":\"ImageObject\",\"inLanguage\":\"es-ES\",\"@id\":\"https:\\\/\\\/mymodernmet.com\\\/es\\\/#\\\/schema\\\/logo\\\/image\\\/\",\"url\":\"https:\\\/\\\/mymodernmet.com\\\/wp\\\/wp-content\\\/uploads\\\/2016\\\/12\\\/tumblr-logo.jpg\",\"contentUrl\":\"https:\\\/\\\/mymodernmet.com\\\/wp\\\/wp-content\\\/uploads\\\/2016\\\/12\\\/tumblr-logo.jpg\",\"width\":600,\"height\":600,\"caption\":\"My Modern Met\"},\"image\":{\"@id\":\"https:\\\/\\\/mymodernmet.com\\\/es\\\/#\\\/schema\\\/logo\\\/image\\\/\"},\"sameAs\":[\"https:\\\/\\\/www.facebook.com\\\/mymodernmet\",\"https:\\\/\\\/x.com\\\/mymodernmet\",\"https:\\\/\\\/www.instagram.com\\\/mymodernmet\\\/\",\"https:\\\/\\\/www.linkedin.com\\\/company\\\/3811009?trk=tyah&amp;amp;amp;trkInfo=clickedVertical:company,clickedEntityId:3811009,idx:2-1-2,tarId:1484473853378,tas:my modern\",\"https:\\\/\\\/www.pinterest.com\\\/mymodernmet\\\/\",\"https:\\\/\\\/www.youtube.com\\\/channel\\\/UCmiC4DC-xa6rqVJeNiRWDcQ\"]},{\"@type\":\"Person\",\"@id\":\"https:\\\/\\\/mymodernmet.com\\\/es\\\/#\\\/schema\\\/person\\\/968140d08ad6b9d778e1ad2f37ffe3f7\",\"name\":\"Regina Sienra\",\"image\":{\"@type\":\"ImageObject\",\"inLanguage\":\"es-ES\",\"@id\":\"https:\\\/\\\/secure.gravatar.com\\\/avatar\\\/0b74a6cdccb33496cc44288f3df56039aab6b761220fe8727ed3bd2e6aaad66e?s=96&d=mm&r=g\",\"url\":\"https:\\\/\\\/secure.gravatar.com\\\/avatar\\\/0b74a6cdccb33496cc44288f3df56039aab6b761220fe8727ed3bd2e6aaad66e?s=96&d=mm&r=g\",\"contentUrl\":\"https:\\\/\\\/secure.gravatar.com\\\/avatar\\\/0b74a6cdccb33496cc44288f3df56039aab6b761220fe8727ed3bd2e6aaad66e?s=96&d=mm&r=g\",\"caption\":\"Regina Sienra\"},\"description\":\"Regina Sienra es colaboradora y redactora en espa\u00f1ol para My Modern Met. Periodista y traductora originaria de la Ciudad de M\u00e9xico. Es egresada de la Universidad Nacional Aut\u00f3noma de M\u00e9xico, donde curs\u00f3 la licenciatura en Ciencias de la Comunicaci\u00f3n con especialidad en Periodismo. Su pasi\u00f3n por escribir sobre las artes visuales, la m\u00fasica, el cine, la literatura y el teatro ha dado vida a una carrera de casi 10 a\u00f1os en diversos medios culturales de M\u00e9xico, Estados Unidos y Canad\u00e1.\",\"url\":\"https:\\\/\\\/mymodernmet.com\\\/es\\\/author\\\/regina\\\/\"}]}<\/script>\n<!-- \/ Yoast SEO Premium plugin. -->","yoast_head_json":{"title":"Hospicio Caba\u00f1as: de albergue a invaluable instituto cultural","description":"El Hospicio Caba\u00f1as forma parte del Patrimonio Mundial y alberga los magn\u00edficos murales de Jos\u00e9 Clemente Orozco, pero \u00bfconoces su historia?","robots":{"index":"index","follow":"follow","max-snippet":"max-snippet:-1","max-image-preview":"max-image-preview:large","max-video-preview":"max-video-preview:-1"},"canonical":"https:\/\/mymodernmet.com\/es\/hospicio-cabanas\/","og_locale":"es_ES","og_type":"article","og_title":"Hospicio Caba\u00f1as: De albergue para desamparados a un extraordinario instituto cultural","og_description":"Este recinto, que alberga los magn\u00edficos frescos de Jos\u00e9 Clemente Orozco, forma parte del Patrimonio Cultural de la Humanidad de la UNESCO desde 1997.","og_url":"https:\/\/mymodernmet.com\/es\/hospicio-cabanas\/","og_site_name":"My Modern Met en Espa\u00f1ol","article_publisher":"https:\/\/www.facebook.com\/mymodernmet","article_published_time":"2020-02-26T19:55:56+00:00","article_modified_time":"2020-02-27T03:10:24+00:00","og_image":[{"width":1200,"height":630,"url":"https:\/\/mymodernmet.com\/wp\/wp-content\/uploads\/2020\/02\/hospicio-cabanas-fb.jpg","type":"image\/jpeg"}],"author":"Regina Sienra","twitter_card":"summary_large_image","twitter_title":"Hospicio Caba\u00f1as: de albergue a invaluable recinto cultural","twitter_description":"Este recinto, que alberga los magn\u00edficos frescos de Jos\u00e9 Clemente Orozco, forma parte del Patrimonio Cultural de la Humanidad de la UNESCO.","twitter_image":"https:\/\/mymodernmet.com\/wp\/wp-content\/uploads\/2020\/02\/hospicio-cabanas-fb.jpg","twitter_creator":"@mymodernmet","twitter_site":"@mymodernmetes","twitter_misc":{"Written by":"Regina Sienra","Est. reading time":"4 minutes"},"schema":{"@context":"https:\/\/schema.org","@graph":[{"@type":"Article","@id":"https:\/\/mymodernmet.com\/es\/hospicio-cabanas\/#article","isPartOf":{"@id":"https:\/\/mymodernmet.com\/es\/hospicio-cabanas\/"},"author":{"name":"Regina Sienra","@id":"https:\/\/mymodernmet.com\/es\/#\/schema\/person\/968140d08ad6b9d778e1ad2f37ffe3f7"},"headline":"Hospicio Caba\u00f1as: De albergue para desamparados a un extraordinario instituto cultural","datePublished":"2020-02-26T19:55:56+00:00","dateModified":"2020-02-27T03:10:24+00:00","mainEntityOfPage":{"@id":"https:\/\/mymodernmet.com\/es\/hospicio-cabanas\/"},"wordCount":872,"publisher":{"@id":"https:\/\/mymodernmet.com\/es\/#organization"},"image":{"@id":"https:\/\/mymodernmet.com\/es\/hospicio-cabanas\/#primaryimage"},"thumbnailUrl":"https:\/\/mymodernmet.com\/wp\/wp-content\/uploads\/2020\/02\/hospicio-cabanas-1.jpg","keywords":["clemente orozco","guadalajara","hospicio caba\u00f1as","instituto cultural cabanas","jose clemente orozco","manuel tolsa","mexico","murales","muralismo","museo caba\u00f1as"],"articleSection":["Arquitectura","Historia"],"inLanguage":"es-ES","copyrightYear":"2020","copyrightHolder":{"@id":"https:\/\/mymodernmet.com\/#organization"}},{"@type":"WebPage","@id":"https:\/\/mymodernmet.com\/es\/hospicio-cabanas\/","url":"https:\/\/mymodernmet.com\/es\/hospicio-cabanas\/","name":"Hospicio Caba\u00f1as: de albergue a invaluable instituto cultural","isPartOf":{"@id":"https:\/\/mymodernmet.com\/es\/#website"},"primaryImageOfPage":{"@id":"https:\/\/mymodernmet.com\/es\/hospicio-cabanas\/#primaryimage"},"image":{"@id":"https:\/\/mymodernmet.com\/es\/hospicio-cabanas\/#primaryimage"},"thumbnailUrl":"https:\/\/mymodernmet.com\/wp\/wp-content\/uploads\/2020\/02\/hospicio-cabanas-1.jpg","datePublished":"2020-02-26T19:55:56+00:00","dateModified":"2020-02-27T03:10:24+00:00","description":"El Hospicio Caba\u00f1as forma parte del Patrimonio Mundial y alberga los magn\u00edficos murales de Jos\u00e9 Clemente Orozco, pero \u00bfconoces su historia?","breadcrumb":{"@id":"https:\/\/mymodernmet.com\/es\/hospicio-cabanas\/#breadcrumb"},"inLanguage":"es-ES","potentialAction":[{"@type":"ReadAction","target":["https:\/\/mymodernmet.com\/es\/hospicio-cabanas\/"]}]},{"@type":"ImageObject","inLanguage":"es-ES","@id":"https:\/\/mymodernmet.com\/es\/hospicio-cabanas\/#primaryimage","url":"https:\/\/mymodernmet.com\/wp\/wp-content\/uploads\/2020\/02\/hospicio-cabanas-1.jpg","contentUrl":"https:\/\/mymodernmet.com\/wp\/wp-content\/uploads\/2020\/02\/hospicio-cabanas-1.jpg"},{"@type":"BreadcrumbList","@id":"https:\/\/mymodernmet.com\/es\/hospicio-cabanas\/#breadcrumb","itemListElement":[{"@type":"ListItem","position":1,"name":"Home","item":"https:\/\/mymodernmet.com\/es\/"},{"@type":"ListItem","position":2,"name":"Historia","item":"https:\/\/mymodernmet.com\/es\/category\/historia\/"},{"@type":"ListItem","position":3,"name":"Hospicio Caba\u00f1as: De albergue para desamparados a un extraordinario instituto cultural"}]},{"@type":"WebSite","@id":"https:\/\/mymodernmet.com\/es\/#website","url":"https:\/\/mymodernmet.com\/es\/","name":"My Modern Met","description":"The Big City That Celebrates Creative Ideas","publisher":{"@id":"https:\/\/mymodernmet.com\/es\/#organization"},"alternateName":"My Modern Met","potentialAction":[{"@type":"SearchAction","target":{"@type":"EntryPoint","urlTemplate":"https:\/\/mymodernmet.com\/es\/?s={search_term_string}"},"query-input":{"@type":"PropertyValueSpecification","valueRequired":true,"valueName":"search_term_string"}}],"inLanguage":"es-ES"},{"@type":"Organization","@id":"https:\/\/mymodernmet.com\/es\/#organization","name":"My Modern Met","alternateName":"My Modern Met","url":"https:\/\/mymodernmet.com\/es\/","logo":{"@type":"ImageObject","inLanguage":"es-ES","@id":"https:\/\/mymodernmet.com\/es\/#\/schema\/logo\/image\/","url":"https:\/\/mymodernmet.com\/wp\/wp-content\/uploads\/2016\/12\/tumblr-logo.jpg","contentUrl":"https:\/\/mymodernmet.com\/wp\/wp-content\/uploads\/2016\/12\/tumblr-logo.jpg","width":600,"height":600,"caption":"My Modern Met"},"image":{"@id":"https:\/\/mymodernmet.com\/es\/#\/schema\/logo\/image\/"},"sameAs":["https:\/\/www.facebook.com\/mymodernmet","https:\/\/x.com\/mymodernmet","https:\/\/www.instagram.com\/mymodernmet\/","https:\/\/www.linkedin.com\/company\/3811009?trk=tyah&amp;amp;amp;trkInfo=clickedVertical:company,clickedEntityId:3811009,idx:2-1-2,tarId:1484473853378,tas:my modern","https:\/\/www.pinterest.com\/mymodernmet\/","https:\/\/www.youtube.com\/channel\/UCmiC4DC-xa6rqVJeNiRWDcQ"]},{"@type":"Person","@id":"https:\/\/mymodernmet.com\/es\/#\/schema\/person\/968140d08ad6b9d778e1ad2f37ffe3f7","name":"Regina Sienra","image":{"@type":"ImageObject","inLanguage":"es-ES","@id":"https:\/\/secure.gravatar.com\/avatar\/0b74a6cdccb33496cc44288f3df56039aab6b761220fe8727ed3bd2e6aaad66e?s=96&d=mm&r=g","url":"https:\/\/secure.gravatar.com\/avatar\/0b74a6cdccb33496cc44288f3df56039aab6b761220fe8727ed3bd2e6aaad66e?s=96&d=mm&r=g","contentUrl":"https:\/\/secure.gravatar.com\/avatar\/0b74a6cdccb33496cc44288f3df56039aab6b761220fe8727ed3bd2e6aaad66e?s=96&d=mm&r=g","caption":"Regina Sienra"},"description":"Regina Sienra es colaboradora y redactora en espa\u00f1ol para My Modern Met. Periodista y traductora originaria de la Ciudad de M\u00e9xico. Es egresada de la Universidad Nacional Aut\u00f3noma de M\u00e9xico, donde curs\u00f3 la licenciatura en Ciencias de la Comunicaci\u00f3n con especialidad en Periodismo. Su pasi\u00f3n por escribir sobre las artes visuales, la m\u00fasica, el cine, la literatura y el teatro ha dado vida a una carrera de casi 10 a\u00f1os en diversos medios culturales de M\u00e9xico, Estados Unidos y Canad\u00e1.","url":"https:\/\/mymodernmet.com\/es\/author\/regina\/"}]}},"_links":{"self":[{"href":"https:\/\/mymodernmet.com\/es\/wp-json\/wp\/v2\/posts\/270542","targetHints":{"allow":["GET"]}}],"collection":[{"href":"https:\/\/mymodernmet.com\/es\/wp-json\/wp\/v2\/posts"}],"about":[{"href":"https:\/\/mymodernmet.com\/es\/wp-json\/wp\/v2\/types\/post"}],"author":[{"embeddable":true,"href":"https:\/\/mymodernmet.com\/es\/wp-json\/wp\/v2\/users\/320"}],"replies":[{"embeddable":true,"href":"https:\/\/mymodernmet.com\/es\/wp-json\/wp\/v2\/comments?post=270542"}],"version-history":[{"count":12,"href":"https:\/\/mymodernmet.com\/es\/wp-json\/wp\/v2\/posts\/270542\/revisions"}],"predecessor-version":[{"id":270877,"href":"https:\/\/mymodernmet.com\/es\/wp-json\/wp\/v2\/posts\/270542\/revisions\/270877"}],"wp:attachment":[{"href":"https:\/\/mymodernmet.com\/es\/wp-json\/wp\/v2\/media?parent=270542"}],"wp:term":[{"taxonomy":"category","embeddable":true,"href":"https:\/\/mymodernmet.com\/es\/wp-json\/wp\/v2\/categories?post=270542"},{"taxonomy":"post_tag","embeddable":true,"href":"https:\/\/mymodernmet.com\/es\/wp-json\/wp\/v2\/tags?post=270542"}],"curies":[{"name":"wp","href":"https:\/\/api.w.org\/{rel}","templated":true}]}}