{"id":322688,"date":"2021-09-27T15:25:39","date_gmt":"2021-09-27T19:25:39","guid":{"rendered":"https:\/\/mymodernmet.com\/vermeer-the-girl-with-the-pearl-earring\/"},"modified":"2021-09-27T06:05:23","modified_gmt":"2021-09-27T10:05:23","slug":"vermeer-joven-perla","status":"publish","type":"post","link":"https:\/\/mymodernmet.com\/es\/vermeer-joven-perla\/","title":{"rendered":"&#8216;La joven de la perla&#8217;: desentra\u00f1ando la misteriosa obra maestra del siglo de oro neerland\u00e9s"},"content":{"rendered":"<div class=\"mceTemp\"><\/div>\n<div id=\"attachment_153664\" style=\"width: 760px\" class=\"wp-caption alignnone\"><noscript><img decoding=\"async\" aria-describedby=\"caption-attachment-153664\" class=\"lazyload size-full wp-image-153664\" src=\"https:\/\/mymodernmet.com\/wp\/wp-content\/uploads\/2018\/09\/girl-with-a-pearl-earring-1.jpg\" alt=\"la joven de la perla de Vermeer\" width=\"750\" height=\"850\" srcset=\"https:\/\/mymodernmet.com\/wp\/wp-content\/uploads\/2018\/09\/girl-with-a-pearl-earring-1.jpg 750w, https:\/\/mymodernmet.com\/wp\/wp-content\/uploads\/2018\/09\/girl-with-a-pearl-earring-1-265x300.jpg 265w\" sizes=\"(max-width: 750px) 100vw, 750px\" \/><\/noscript><img decoding=\"async\" aria-describedby=\"caption-attachment-153664\" class=\"lazyload size-full wp-image-153664\" src=\"data:image\/svg+xml,&lt;svg xmlns=&quot;http:\/\/www.w3.org\/2000\/svg&quot; viewBox=&quot;0 0 750 850&quot;&gt;&lt;\/svg&gt;\" data-src=\"https:\/\/mymodernmet.com\/wp\/wp-content\/uploads\/2018\/09\/girl-with-a-pearl-earring-1.jpg\" alt=\"la joven de la perla de Vermeer\" width=\"750\" height=\"850\" data-srcset=\"https:\/\/mymodernmet.com\/wp\/wp-content\/uploads\/2018\/09\/girl-with-a-pearl-earring-1.jpg 750w, https:\/\/mymodernmet.com\/wp\/wp-content\/uploads\/2018\/09\/girl-with-a-pearl-earring-1-265x300.jpg 265w\" sizes=\"(max-width: 750px) 100vw, 750px\" \/><p id=\"caption-attachment-153664\" class=\"wp-caption-text\">Foto: <a href=\"https:\/\/creativecommons.org\/licenses\/by\/3.0\" target=\"_blank\" rel=\"noopener\">CC BY 3.0<\/a>, v&iacute;a <a href=\"https:\/\/commons.wikimedia.org\/wiki\/File:Johannes_vermeer,_ragazza_con_l%27orecchino_di_perla,_1665_ca._01.jpg\" target=\"_blank\" rel=\"noopener\">Wikimedia Commons<\/a><br \/>Este art&iacute;culo puede contener links de afiliados. Si realizas una compra, My Modern Met puede obtener una comisi&oacute;n. Por favor lee nuestra&nbsp;<a href=\"https:\/\/mymodernmet.com\/es\/divulgacion-de-afiliados\/\"><span class=\"s1\">divulgaci&oacute;n de afiliados<\/span><\/a>&nbsp;para mayor informaci&oacute;n.<\/p><\/div>\n<p>En el siglo XVII, los Pa&iacute;ses Bajos experimentaron un periodo de prosperidad art&iacute;stica conocida como el <strong>Siglo de Oro neerland&eacute;s<\/strong>. Durante esta &eacute;poca, los artistas encontraron inspiraci&oacute;n en las t&eacute;cnicas de pintura del <a href=\"https:\/\/mymodernmet.com\/es\/renacimiento-nordico\/\" target=\"_blank\" rel=\"noopener noreferrer\">Renacimiento n&oacute;rdico<\/a>, lo que dio origen a obras maestras como <strong><em>La joven de la perla<\/em><\/strong> de Johannes Vermeer.<\/p>\n<p>Conocida como la &#8220;<a href=\"https:\/\/mymodernmet.com\/es\/leonardo-da-vinci-mona-lisa-datos\/\"><em>Mona Lisa<\/em><\/a> del norte&#8221;, esta pintura representa lo mejor del arte neerland&eacute;s. Aunque <em>La joven de la perla<\/em> est&aacute; envuelta en misterio (al igual que la pintura de <a href=\"https:\/\/mymodernmet.com\/es\/leonardo-da-vinci-datos\/\">Leonardo da Vinci<\/a>), se ha convertido en una de las obras m&aacute;s c&eacute;lebres de la historia del arte.<\/p>\n<p>&nbsp;<\/p>\n<h2><em>La joven de la perla<\/em> en contexto<\/h2>\n<p>El artista holand&eacute;s <a href=\"https:\/\/mymodernmet.com\/es\/johannes-vermeer-pinturas\/\">Johannes Vermeer<\/a>, quien se especializaba en pintura de g&eacute;nero&ndash;un tipo de arte que emplea escenas de la vida cotidiana como tema&ndash;es conocido por sus obras sobre Delft, la ciudad de Holanda en la que naci&oacute;, vivi&oacute; y muri&oacute;. Espec&iacute;ficamente, es conocido por sus representaciones de interiores dom&eacute;sticos y retratos de mujeres, como la figura que aparece en <em>La joven de la perla<\/em>.<\/p>\n<div id=\"attachment_153665\" style=\"width: 760px\" class=\"wp-caption alignnone\"><noscript><img decoding=\"async\" aria-describedby=\"caption-attachment-153665\" class=\"lazyload size-full wp-image-153665\" src=\"https:\/\/mymodernmet.com\/wp\/wp-content\/uploads\/2018\/09\/girl-with-a-pearl-earring-2.jpg\" alt=\"la lechera Vermeer\" width=\"750\" height=\"841\" srcset=\"https:\/\/mymodernmet.com\/wp\/wp-content\/uploads\/2018\/09\/girl-with-a-pearl-earring-2.jpg 750w, https:\/\/mymodernmet.com\/wp\/wp-content\/uploads\/2018\/09\/girl-with-a-pearl-earring-2-268x300.jpg 268w\" sizes=\"(max-width: 750px) 100vw, 750px\" \/><\/noscript><img decoding=\"async\" aria-describedby=\"caption-attachment-153665\" class=\"lazyload size-full wp-image-153665\" src=\"data:image\/svg+xml,&lt;svg xmlns=&quot;http:\/\/www.w3.org\/2000\/svg&quot; viewBox=&quot;0 0 750 841&quot;&gt;&lt;\/svg&gt;\" data-src=\"https:\/\/mymodernmet.com\/wp\/wp-content\/uploads\/2018\/09\/girl-with-a-pearl-earring-2.jpg\" alt=\"la lechera Vermeer\" width=\"750\" height=\"841\" data-srcset=\"https:\/\/mymodernmet.com\/wp\/wp-content\/uploads\/2018\/09\/girl-with-a-pearl-earring-2.jpg 750w, https:\/\/mymodernmet.com\/wp\/wp-content\/uploads\/2018\/09\/girl-with-a-pearl-earring-2-268x300.jpg 268w\" sizes=\"(max-width: 750px) 100vw, 750px\" \/><p id=\"caption-attachment-153665\" class=\"wp-caption-text\">Johannes Vermeer, &#8220;La lechera&#8221; ca. 1660 (Foto: dominio p&uacute;blico, v&iacute;a <a href=\"https:\/\/commons.wikimedia.org\/wiki\/File:Johannes_Vermeer_-_Het_melkmeisje_-_Google_Art_Project.jpg\" target=\"_blank\" rel=\"noopener\">Wikimedia Commons<\/a>)<\/p><\/div>\n<p>Vermeer pint&oacute; <em>La joven de la perla<\/em> alrededor de 1665. Es una de las 35 pinturas atribuidas al pintor, quien tuvo un &eacute;xito moderado en vida. Junto con otro cuadro de g&eacute;nero (titulado <em>La lechera<\/em>), <em>La joven de la perla<\/em> es la obra de arte m&aacute;s conocida de Vermeer. Sin embargo, no alcanz&oacute; fama internacional en el momento de su finalizaci&oacute;n. Eso ocurri&oacute; hasta finales del siglo XX, cuando apareci&oacute; en <em>Johannes Vermeer<\/em>, una exposici&oacute;n especial en la Galer&iacute;a Nacional de Arte en Washington, D.C.<\/p>\n<div class=\"page\" title=\"Page 167\">\n<div class=\"layoutArea\">\n<div class=\"column\">\n<p>&#8220;Vermeer de alguna manera se las arregla para desaparecer cuando miras una obra como <em>La joven de la perla<\/em>&#8220;, <a href=\"https:\/\/www.nytimes.com\/1995\/11\/29\/arts\/art-review-timeless-contemplation-of-the-ordinary.html\">escribi&oacute;<\/a> el cr&iacute;tico Michael Kimmelman en su rese&ntilde;a de la exposici&oacute;n <em>Timeless Contemplation of the Ordinary<\/em>&nbsp;en 1995. &#8220;Y lo que queda son sus ojos extraordinarios, viendo directamente para encontrarse con tu mirada a trav&eacute;s del tiempo&#8221;.<\/p>\n<p>&nbsp;<\/p>\n<\/div>\n<\/div>\n<\/div>\n<h2>Sujeto y tema<\/h2>\n<div id=\"attachment_153666\" style=\"width: 760px\" class=\"wp-caption alignnone\"><noscript><img decoding=\"async\" aria-describedby=\"caption-attachment-153666\" class=\"lazyload size-full wp-image-153666\" src=\"https:\/\/mymodernmet.com\/wp\/wp-content\/uploads\/2018\/09\/girl-with-a-pearl-earring-3.jpg\" alt=\"la joven de la perla vermeer\" width=\"750\" height=\"878\" srcset=\"https:\/\/mymodernmet.com\/wp\/wp-content\/uploads\/2018\/09\/girl-with-a-pearl-earring-3.jpg 750w, https:\/\/mymodernmet.com\/wp\/wp-content\/uploads\/2018\/09\/girl-with-a-pearl-earring-3-256x300.jpg 256w\" sizes=\"(max-width: 750px) 100vw, 750px\" \/><\/noscript><img decoding=\"async\" aria-describedby=\"caption-attachment-153666\" class=\"lazyload size-full wp-image-153666\" src=\"data:image\/svg+xml,&lt;svg xmlns=&quot;http:\/\/www.w3.org\/2000\/svg&quot; viewBox=&quot;0 0 750 878&quot;&gt;&lt;\/svg&gt;\" data-src=\"https:\/\/mymodernmet.com\/wp\/wp-content\/uploads\/2018\/09\/girl-with-a-pearl-earring-3.jpg\" alt=\"la joven de la perla vermeer\" width=\"750\" height=\"878\" data-srcset=\"https:\/\/mymodernmet.com\/wp\/wp-content\/uploads\/2018\/09\/girl-with-a-pearl-earring-3.jpg 750w, https:\/\/mymodernmet.com\/wp\/wp-content\/uploads\/2018\/09\/girl-with-a-pearl-earring-3-256x300.jpg 256w\" sizes=\"(max-width: 750px) 100vw, 750px\" \/><p id=\"caption-attachment-153666\" class=\"wp-caption-text\">Johannes Vermeer, &#8220;La joven de la perla&#8221;, ca. 1665 (Foto: dominio p&uacute;blico, v&iacute;a <a href=\"https:\/\/commons.wikimedia.org\/wiki\/File:Meisje_met_de_parel.jpg\" target=\"_blank\" rel=\"noopener\">Wikimedia Commons<\/a>)<\/p><\/div>\n<p><em>La joven de la perla<\/em> retrata a una joven mujer sentada ante un fondo oscuro. Aunque aparentemente intrascendente, este fondo austero y poco profundo contrasta maravillosamente la piel color crema de la figura y sus ojos transl&uacute;cidos, fijos en el espectador. Adem&aacute;s de un exquisito turbante azul y amarillo, luce un gran <strong>pendiente de perla<\/strong> en forma de l&aacute;grima.<\/p>\n<p>Si bien, en la superficie, esta representaci&oacute;n parece tener las caracter&iacute;sticas cl&aacute;sicas de un retrato, en realidad se le conoce como <em><strong>tronie<\/strong><\/em>. Popular durante el Siglo de Oro neerland&eacute;s, un <em>tronie<\/em> es una pintura de un individuo destinada a ser un estudio. A menudo, los artistas optaban por retratar a estas figuras con prendas &#8220;ex&oacute;ticas&#8221;, ya que la reproducci&oacute;n de telas opulentas les permit&iacute;a mostrar sus avanzadas t&eacute;cnicas de pintura.<\/p>\n<p>As&iacute;, <em>La joven de la perla<\/em>, un <em>tronie<\/em> en toda la extensi&oacute;n del t&eacute;rmino, no representa a una persona espec&iacute;fica. En cambio, muestra a una ni&ntilde;a an&oacute;nima vestida con ropa opulenta que, &#8220;como una visi&oacute;n que emana de la oscuridad&#8221;, explican los historiadores del arte Arthur K. Wheelock y Ben Broos en el cat&aacute;logo de <em><a href=\"https:\/\/amzn.to\/2x92TVS\" target=\"_blank\" rel=\"nofollow\">Johannes Vermeer<\/a><\/em>, &#8220;no pertenece a un lugar o momento espec&iacute;fico&#8221;.<\/p>\n<p>&nbsp;<\/p>\n<h2>T&eacute;cnicas de pintura<\/h2>\n<p><em>La joven de la perla <\/em>muestra las avanzadas <a href=\"https:\/\/mymodernmet.com\/es\/tecnicas-pintura-oleo\/\">t&eacute;cnicas de pintura<\/a> de Vermeer, espec&iacute;ficamente, su enfoque de la luz, el color y el trabajo con el pincel. Sigue leyendo para conocer c&oacute;mo cada una de estas &aacute;reas contribuye al aspecto general de la pintura.<\/p>\n<p>&nbsp;<\/p>\n<h3><strong>Luz<\/strong><\/h3>\n<p><noscript><img decoding=\"async\" class=\"lazyload alignnone size-full wp-image-153668\" src=\"https:\/\/mymodernmet.com\/wp\/wp-content\/uploads\/2018\/09\/girl-with-a-pearl-earring-5.jpg\" alt=\"la joven de la perla vermeer\" width=\"750\" height=\"566\" srcset=\"https:\/\/mymodernmet.com\/wp\/wp-content\/uploads\/2018\/09\/girl-with-a-pearl-earring-5.jpg 750w, https:\/\/mymodernmet.com\/wp\/wp-content\/uploads\/2018\/09\/girl-with-a-pearl-earring-5-300x226.jpg 300w\" sizes=\"(max-width: 750px) 100vw, 750px\" \/><\/noscript><img decoding=\"async\" class=\"lazyload alignnone size-full wp-image-153668\" src=\"data:image\/svg+xml,&lt;svg xmlns=&quot;http:\/\/www.w3.org\/2000\/svg&quot; viewBox=&quot;0 0 750 566&quot;&gt;&lt;\/svg&gt;\" data-src=\"https:\/\/mymodernmet.com\/wp\/wp-content\/uploads\/2018\/09\/girl-with-a-pearl-earring-5.jpg\" alt=\"la joven de la perla vermeer\" width=\"750\" height=\"566\" data-srcset=\"https:\/\/mymodernmet.com\/wp\/wp-content\/uploads\/2018\/09\/girl-with-a-pearl-earring-5.jpg 750w, https:\/\/mymodernmet.com\/wp\/wp-content\/uploads\/2018\/09\/girl-with-a-pearl-earring-5-300x226.jpg 300w\" sizes=\"(max-width: 750px) 100vw, 750px\" \/><\/p>\n<p>Vermeer es conocido por su habilidad para crear contornos y formas usando luz en lugar de l&iacute;neas. Este enfoque distintivo del modelado es particularmente evidente en el rostro de la figura, que Vermeer represent&oacute; en planos de <strong>luz y sombra<\/strong>. Para lograr esta est&eacute;tica, Vermeer sigui&oacute; una meticulosa t&eacute;cnica de cuatro pasos, popular entre los artistas del siglo XVII.<\/p>\n<p>Primero, el artista &#8220;inventaba&#8221; o creaba un dibujo inicial en el lienzo. Luego, elaboraba &#8203;&#8203;una pintura de base monocrom&aacute;tica, una t&eacute;cnica conocida como &#8220;<strong>coloraci&oacute;n muerta<\/strong>&#8220;. Despu&eacute;s, a&ntilde;ad&iacute;a color. Finalmente, para que la pieza fuera excepcionalmente luminosa, aplicaba una fina capa de esmalte en determinadas partes del cuadro. Una restauraci&oacute;n reciente ha revelado que el pintor hizo esto en dos &aacute;reas de <em>La joven de la perla<\/em>: la secci&oacute;n azul de su turbante y todo el fondo (que, originalmente, habr&iacute;a sido de un verde opalescente).<\/p>\n<p>&nbsp;<\/p>\n<h3><strong>Color<\/strong><\/h3>\n<p><noscript><img decoding=\"async\" class=\"lazyload alignnone size-full wp-image-153757\" src=\"https:\/\/mymodernmet.com\/wp\/wp-content\/uploads\/2018\/09\/girl-with-a-pearl-earring-6.jpg\" alt=\"la joven de la perla vermeer\" width=\"750\" height=\"541\" srcset=\"https:\/\/mymodernmet.com\/wp\/wp-content\/uploads\/2018\/09\/girl-with-a-pearl-earring-6.jpg 750w, https:\/\/mymodernmet.com\/wp\/wp-content\/uploads\/2018\/09\/girl-with-a-pearl-earring-6-300x216.jpg 300w\" sizes=\"(max-width: 750px) 100vw, 750px\" \/><\/noscript><img decoding=\"async\" class=\"lazyload alignnone size-full wp-image-153757\" src=\"data:image\/svg+xml,&lt;svg xmlns=&quot;http:\/\/www.w3.org\/2000\/svg&quot; viewBox=&quot;0 0 750 541&quot;&gt;&lt;\/svg&gt;\" data-src=\"https:\/\/mymodernmet.com\/wp\/wp-content\/uploads\/2018\/09\/girl-with-a-pearl-earring-6.jpg\" alt=\"la joven de la perla vermeer\" width=\"750\" height=\"541\" data-srcset=\"https:\/\/mymodernmet.com\/wp\/wp-content\/uploads\/2018\/09\/girl-with-a-pearl-earring-6.jpg 750w, https:\/\/mymodernmet.com\/wp\/wp-content\/uploads\/2018\/09\/girl-with-a-pearl-earring-6-300x216.jpg 300w\" sizes=\"(max-width: 750px) 100vw, 750px\" \/><\/p>\n<div class=\"page\" title=\"Page 167\">\n<div class=\"layoutArea\">\n<div class=\"column\">\n<p>Adem&aacute;s del tratamiento &uacute;nico de la luz del artista, <em>La joven de la perla<\/em> tambi&eacute;n ilustra su amor por el color&mdash;especialmente, el <strong><a href=\"https:\/\/mymodernmet.com\/es\/historia-del-color-azul\/\" target=\"_blank\" rel=\"noopener noreferrer\">azul<\/a> ultramar<\/strong>. Esta pintura est&aacute; hecha de pigmento derivado de lazurita, un mineral que se encuentra en la piedra semipreciosa lapis lazuli.<\/p>\n<p>Vermeer a menudo incorpor&oacute; este costoso tono en sus pinturas, reserv&aacute;ndolo para representaciones de cortinas, tapicer&iacute;a y, en La <em>joven de la perla<\/em>, ropa. Si bien es m&aacute;s prominente en la banda de su turbante, tambi&eacute;n es evidente en las sombras de la tela amarilla, ilustrando el &#8220;<a href=\"https:\/\/www.mauritshuis.nl\/en\/explore\/restoration-and-research\/girl-with-a-blog\/17-out-of-the-blue\/\" target=\"_blank\" rel=\"noopener noreferrer\"> uso liberal, casi poco ortodoxo, de este costoso pigmento<\/a>&#8221; por parte de Vermeer.<\/p>\n<p>&nbsp;<\/p>\n<h3><strong>Pinceladas<\/strong><\/h3>\n<\/div>\n<\/div>\n<\/div>\n<p><noscript><img decoding=\"async\" class=\"lazyload alignnone size-full wp-image-153667\" src=\"https:\/\/mymodernmet.com\/wp\/wp-content\/uploads\/2018\/09\/girl-with-a-pearl-earring-4.jpg\" alt=\"la joven de la perla vermeer\" width=\"750\" height=\"617\" srcset=\"https:\/\/mymodernmet.com\/wp\/wp-content\/uploads\/2018\/09\/girl-with-a-pearl-earring-4.jpg 750w, https:\/\/mymodernmet.com\/wp\/wp-content\/uploads\/2018\/09\/girl-with-a-pearl-earring-4-300x247.jpg 300w\" sizes=\"(max-width: 750px) 100vw, 750px\" \/><\/noscript><img decoding=\"async\" class=\"lazyload alignnone size-full wp-image-153667\" src=\"data:image\/svg+xml,&lt;svg xmlns=&quot;http:\/\/www.w3.org\/2000\/svg&quot; viewBox=&quot;0 0 750 617&quot;&gt;&lt;\/svg&gt;\" data-src=\"https:\/\/mymodernmet.com\/wp\/wp-content\/uploads\/2018\/09\/girl-with-a-pearl-earring-4.jpg\" alt=\"la joven de la perla vermeer\" width=\"750\" height=\"617\" data-srcset=\"https:\/\/mymodernmet.com\/wp\/wp-content\/uploads\/2018\/09\/girl-with-a-pearl-earring-4.jpg 750w, https:\/\/mymodernmet.com\/wp\/wp-content\/uploads\/2018\/09\/girl-with-a-pearl-earring-4-300x247.jpg 300w\" sizes=\"(max-width: 750px) 100vw, 750px\" \/><\/p>\n<p>Para apreciar el impresionante trabajo con el pincel de Vermeer, solo hay que fijarse en un detalle en <em>La joven de la perla<\/em>: el pendiente en s&iacute;. Desde la distancia, esta gran pieza de joyer&iacute;a parece estar elaborada con exquisito detalle. Sin embargo, tras una inspecci&oacute;n m&aacute;s cercana, es evidente que se compone de unos pocos trazos simples que sugieren asombrosamente la forma y el brillo de una perla.<\/p>\n<p>&nbsp;<\/p>\n<h2>Legado<\/h2>\n<p>Hoy en d&iacute;a, <em>La joven de la perla<\/em> sigue siendo una de las pinturas m&aacute;s famosas del mundo. Adem&aacute;s de su contexto fascinante y su est&eacute;tica atractiva, la pieza es famosa por el misterio que la rodea.<\/p>\n<p>&#8220;Cuando piensas en la Mona Lisa, ella tambi&eacute;n nos mira, pero no es atractiva: est&aacute; sentada en la pintura, aut&oacute;noma&#8221;, se&ntilde;ala Tracy Chevalier, autora de la novela hist&oacute;rica<em> best seller<\/em>, <a href=\"https:\/\/amzn.to\/2Nb8dCX\" target=\"_blank\" rel=\"nofollow\"><i>La joven del arete de perla<\/i><\/a>. &#8220;Mientras que <em>La joven de la perla<\/em> est&aacute; ah&iacute;, no hay nada entre ella y nosotros. Tiene esta cualidad m&aacute;gica de ser incre&iacute;blemente abierta y misteriosa al mismo tiempo, y eso es lo que la hace tan atractiva&#8221;.<\/p>\n<p><a title=\"066 - L'Aia\" href=\"https:\/\/www.flickr.com\/photos\/alessandrogrussu\/30968290210\/in\/photolist-PbyzL7-CgT49w-CbTrP6-nsGw5j-BmFiUy-BmMQaa-CdzGhU-C7WCk5-BKP27Y-Cdn13e-Bk8k46-BJ1WMx-CbTWQH-Bk969v-C5EdtR-f2sziw-BKEMLe-BmMV1T-Cdztq1-CfSPen-Bio11j-Bk9jwc-Bk8Q1e-C7X3G1-CgSbVq-94eHeV-f2sFPE-tnvVuF-zBSVyF-C81fGP-Lmzfbi-uf5fgi-WeRLiA-H2jfGi-w9AEb8-rGkPaM-94hi9S-smGgPM-v69ANs-Md3D4v-Md3D3D-NQj9ad-NQj8yJ-2aTD43Q-29PKTEG-HNJCgL-uQ2m4P-r2o3Za-r1sY1i-o7uhz4\" data-flickr-embed=\"true\"><noscript><img decoding=\"async\" class=\"lazyload\" src=\"https:\/\/farm6.staticflickr.com\/5713\/30968290210_3ee571dc57_o.jpg\" alt=\"066 - L'Aia\" width=\"728\" height=\"1092\"><\/noscript><img decoding=\"async\" class=\"lazyload\" src=\"data:image\/svg+xml,&lt;svg xmlns=&quot;http:\/\/www.w3.org\/2000\/svg&quot; viewBox=&quot;0 0 728 1092&quot;&gt;&lt;\/svg&gt;\" data-src=\"https:\/\/farm6.staticflickr.com\/5713\/30968290210_3ee571dc57_o.jpg\" alt=\"066 - L'Aia\" width=\"728\" height=\"1092\"><\/a><script async src=\"\/\/embedr.flickr.com\/assets\/client-code.js\" charset=\"utf-8\"><\/script><\/p>\n<h4>Este art&iacute;culo ha sido editado y actualizado.<\/h4>\n<h2><span style=\"text-decoration: underline;\">Art&iacute;culos relacionados:<\/span><\/h2>\n<p><a href=\"https:\/\/mymodernmet.com\/es\/rembrandt-biografia\/\">Rembrandt: Conoce la vida y obra de uno de los pintores m&aacute;s importantes de la historia del arte<\/a><\/p>\n<p><a href=\"https:\/\/mymodernmet.com\/es\/desfile-bosco\/\">La obra del Bosco cobra vida en un espectacular desfile flotante<\/a><\/p>\n<p><a href=\"https:\/\/mymodernmet.com\/es\/van-gogh-autorretratos\/\">Un viaje por la vida de Van Gogh a trav&eacute;s de sus 5 autorretratos m&aacute;s importantes<\/a><\/p>\n<p><a href=\"https:\/\/mymodernmet.com\/es\/guia-lugares-obras-arte-famosas\/\">Estos sitios albergan 15+ de las obras de arte m&aacute;s famosas del mundo<\/a><\/p>\n","protected":false},"excerpt":{"rendered":"<p>En el siglo XVII, los Pa&iacute;ses Bajos experimentaron un periodo de prosperidad art&iacute;stica conocida como el Siglo de Oro neerland&eacute;s. Durante esta &eacute;poca, los artistas encontraron inspiraci&oacute;n en las t&eacute;cnicas de pintura del Renacimiento n&oacute;rdico, lo que dio origen a obras maestras como La joven de la perla de Johannes Vermeer. Conocida como la &#8220;Mona [&hellip;]<\/p>\n","protected":false},"author":320,"featured_media":0,"comment_status":"closed","ping_status":"closed","sticky":false,"template":"","format":"standard","meta":{"_acf_changed":false,"om_disable_all_campaigns":false,"_wp_convertkit_post_meta":{"form":"1558017","landing_page":"","tag":"0"},"_ef_editorial_meta_date_first-draft-date":"","_ef_editorial_meta_paragraph_assignment":"","_ef_editorial_meta_checkbox_needs-photo":"","_ef_editorial_meta_number_word-count":"","footnotes":""},"categories":[168389],"tags":[374576,184861,172538,374575,374592],"class_list":["post-322688","post","type-post","status-publish","format-standard","hentry","category-historia-del-arte","tag-johannes-vermeer-es","tag-la-joven-de-la-perla","tag-pintura","tag-siglo-de-oro-neerlandes","tag-vermeer-es"],"acf":[],"yoast_head":"<!-- This site is optimized with the Yoast SEO Premium plugin v27.4 (Yoast SEO v27.4) - https:\/\/yoast.com\/product\/yoast-seo-premium-wordpress\/ -->\n<title>&#039;La joven de la perla&#039;: conoce la historia de esta enigm\u00e1tica pintura<\/title>\n<meta name=\"description\" content=\"Por su extraordinaria t\u00e9cnica y composici\u00f3n, la misteriosa pintura &quot;La joven de la perla&quot; es una de las mejores obras de todos los tiempos.\" \/>\n<meta name=\"robots\" content=\"index, follow, max-snippet:-1, max-image-preview:large, max-video-preview:-1\" \/>\n<link rel=\"canonical\" href=\"https:\/\/mymodernmet.com\/es\/vermeer-joven-perla\/\" \/>\n<meta property=\"og:locale\" content=\"es_ES\" \/>\n<meta property=\"og:type\" content=\"article\" \/>\n<meta property=\"og:title\" content=\"&#039;La joven de la perla&#039;: desentra\u00f1ando la misteriosa obra maestra del siglo de oro neerland\u00e9s\" \/>\n<meta property=\"og:description\" content=\"Conocida como la &quot;Mona Lisa del norte&quot;, esta pintura representa lo mejor del arte neerland\u00e9s y sigue siendo un misterio para los entusiastas del arte.\" \/>\n<meta property=\"og:url\" content=\"https:\/\/mymodernmet.com\/es\/vermeer-joven-perla\/\" \/>\n<meta property=\"og:site_name\" content=\"My Modern Met en Espa\u00f1ol\" \/>\n<meta property=\"article:publisher\" content=\"https:\/\/www.facebook.com\/mymodernmet\" \/>\n<meta property=\"article:published_time\" content=\"2021-09-27T19:25:39+00:00\" \/>\n<meta property=\"og:image\" content=\"https:\/\/mymodernmet.com\/wp\/wp-content\/uploads\/2018\/09\/girl-with-a-pearl-earring-thumbnail.jpg\" \/>\n\t<meta property=\"og:image:width\" content=\"1200\" \/>\n\t<meta property=\"og:image:height\" content=\"628\" \/>\n\t<meta property=\"og:image:type\" content=\"image\/jpeg\" \/>\n<meta name=\"author\" content=\"Regina Sienra\" \/>\n<meta name=\"twitter:card\" content=\"summary_large_image\" \/>\n<meta name=\"twitter:title\" content=\"Conoce la historia de la enigm\u00e1tica &#039;Joven de la perla&#039;\" \/>\n<meta name=\"twitter:description\" content=\"Conocida como la &quot;Mona Lisa del norte&quot;, esta pintura representa lo mejor del arte neerland\u00e9s y sigue siendo un misterio para los entusiastas del arte.\" \/>\n<meta name=\"twitter:image\" content=\"https:\/\/mymodernmet.com\/wp\/wp-content\/uploads\/2018\/09\/girl-with-a-pearl-earring-thumbnail.jpg\" \/>\n<meta name=\"twitter:creator\" content=\"@mymodernmet\" \/>\n<meta name=\"twitter:site\" content=\"@mymodernmetes\" \/>\n<meta name=\"twitter:label1\" content=\"Written by\" \/>\n\t<meta name=\"twitter:data1\" content=\"Regina Sienra\" \/>\n\t<meta name=\"twitter:label2\" content=\"Est. reading time\" \/>\n\t<meta name=\"twitter:data2\" content=\"7 minutes\" \/>\n<script type=\"application\/ld+json\" class=\"yoast-schema-graph\">{\"@context\":\"https:\\\/\\\/schema.org\",\"@graph\":[{\"@type\":\"Article\",\"@id\":\"https:\\\/\\\/mymodernmet.com\\\/es\\\/vermeer-joven-perla\\\/#article\",\"isPartOf\":{\"@id\":\"https:\\\/\\\/mymodernmet.com\\\/es\\\/vermeer-joven-perla\\\/\"},\"author\":{\"name\":\"Regina Sienra\",\"@id\":\"https:\\\/\\\/mymodernmet.com\\\/es\\\/#\\\/schema\\\/person\\\/968140d08ad6b9d778e1ad2f37ffe3f7\"},\"headline\":\"&#8216;La joven de la perla&#8217;: desentra\u00f1ando la misteriosa obra maestra del siglo de oro neerland\u00e9s\",\"datePublished\":\"2021-09-27T19:25:39+00:00\",\"mainEntityOfPage\":{\"@id\":\"https:\\\/\\\/mymodernmet.com\\\/es\\\/vermeer-joven-perla\\\/\"},\"wordCount\":1249,\"publisher\":{\"@id\":\"https:\\\/\\\/mymodernmet.com\\\/es\\\/#organization\"},\"image\":{\"@id\":\"https:\\\/\\\/mymodernmet.com\\\/es\\\/vermeer-joven-perla\\\/#primaryimage\"},\"thumbnailUrl\":\"https:\\\/\\\/mymodernmet.com\\\/wp\\\/wp-content\\\/uploads\\\/2018\\\/09\\\/girl-with-a-pearl-earring-1.jpg\",\"keywords\":[\"johannes vermeer\",\"la joven de la perla\",\"pintura\",\"siglo de oro neerlandes\",\"Vermeer\"],\"articleSection\":[\"Historia del arte\"],\"inLanguage\":\"es-ES\",\"copyrightYear\":\"2021\",\"copyrightHolder\":{\"@id\":\"https:\\\/\\\/mymodernmet.com\\\/#organization\"}},{\"@type\":\"WebPage\",\"@id\":\"https:\\\/\\\/mymodernmet.com\\\/es\\\/vermeer-joven-perla\\\/\",\"url\":\"https:\\\/\\\/mymodernmet.com\\\/es\\\/vermeer-joven-perla\\\/\",\"name\":\"'La joven de la perla': conoce la historia de esta enigm\u00e1tica pintura\",\"isPartOf\":{\"@id\":\"https:\\\/\\\/mymodernmet.com\\\/es\\\/#website\"},\"primaryImageOfPage\":{\"@id\":\"https:\\\/\\\/mymodernmet.com\\\/es\\\/vermeer-joven-perla\\\/#primaryimage\"},\"image\":{\"@id\":\"https:\\\/\\\/mymodernmet.com\\\/es\\\/vermeer-joven-perla\\\/#primaryimage\"},\"thumbnailUrl\":\"https:\\\/\\\/mymodernmet.com\\\/wp\\\/wp-content\\\/uploads\\\/2018\\\/09\\\/girl-with-a-pearl-earring-1.jpg\",\"datePublished\":\"2021-09-27T19:25:39+00:00\",\"description\":\"Por su extraordinaria t\u00e9cnica y composici\u00f3n, la misteriosa pintura \\\"La joven de la perla\\\" es una de las mejores obras de todos los tiempos.\",\"breadcrumb\":{\"@id\":\"https:\\\/\\\/mymodernmet.com\\\/es\\\/vermeer-joven-perla\\\/#breadcrumb\"},\"inLanguage\":\"es-ES\",\"potentialAction\":[{\"@type\":\"ReadAction\",\"target\":[\"https:\\\/\\\/mymodernmet.com\\\/es\\\/vermeer-joven-perla\\\/\"]}]},{\"@type\":\"ImageObject\",\"inLanguage\":\"es-ES\",\"@id\":\"https:\\\/\\\/mymodernmet.com\\\/es\\\/vermeer-joven-perla\\\/#primaryimage\",\"url\":\"https:\\\/\\\/mymodernmet.com\\\/wp\\\/wp-content\\\/uploads\\\/2018\\\/09\\\/girl-with-a-pearl-earring-1.jpg\",\"contentUrl\":\"https:\\\/\\\/mymodernmet.com\\\/wp\\\/wp-content\\\/uploads\\\/2018\\\/09\\\/girl-with-a-pearl-earring-1.jpg\"},{\"@type\":\"BreadcrumbList\",\"@id\":\"https:\\\/\\\/mymodernmet.com\\\/es\\\/vermeer-joven-perla\\\/#breadcrumb\",\"itemListElement\":[{\"@type\":\"ListItem\",\"position\":1,\"name\":\"Home\",\"item\":\"https:\\\/\\\/mymodernmet.com\\\/es\\\/\"},{\"@type\":\"ListItem\",\"position\":2,\"name\":\"Historia del arte\",\"item\":\"https:\\\/\\\/mymodernmet.com\\\/es\\\/category\\\/historia-del-arte\\\/\"},{\"@type\":\"ListItem\",\"position\":3,\"name\":\"&#8216;La joven de la perla&#8217;: desentra\u00f1ando la misteriosa obra maestra del siglo de oro neerland\u00e9s\"}]},{\"@type\":\"WebSite\",\"@id\":\"https:\\\/\\\/mymodernmet.com\\\/es\\\/#website\",\"url\":\"https:\\\/\\\/mymodernmet.com\\\/es\\\/\",\"name\":\"My Modern Met\",\"description\":\"The Big City That Celebrates Creative Ideas\",\"publisher\":{\"@id\":\"https:\\\/\\\/mymodernmet.com\\\/es\\\/#organization\"},\"alternateName\":\"My Modern Met\",\"potentialAction\":[{\"@type\":\"SearchAction\",\"target\":{\"@type\":\"EntryPoint\",\"urlTemplate\":\"https:\\\/\\\/mymodernmet.com\\\/es\\\/?s={search_term_string}\"},\"query-input\":{\"@type\":\"PropertyValueSpecification\",\"valueRequired\":true,\"valueName\":\"search_term_string\"}}],\"inLanguage\":\"es-ES\"},{\"@type\":\"Organization\",\"@id\":\"https:\\\/\\\/mymodernmet.com\\\/es\\\/#organization\",\"name\":\"My Modern Met\",\"alternateName\":\"My Modern Met\",\"url\":\"https:\\\/\\\/mymodernmet.com\\\/es\\\/\",\"logo\":{\"@type\":\"ImageObject\",\"inLanguage\":\"es-ES\",\"@id\":\"https:\\\/\\\/mymodernmet.com\\\/es\\\/#\\\/schema\\\/logo\\\/image\\\/\",\"url\":\"https:\\\/\\\/mymodernmet.com\\\/wp\\\/wp-content\\\/uploads\\\/2016\\\/12\\\/tumblr-logo.jpg\",\"contentUrl\":\"https:\\\/\\\/mymodernmet.com\\\/wp\\\/wp-content\\\/uploads\\\/2016\\\/12\\\/tumblr-logo.jpg\",\"width\":600,\"height\":600,\"caption\":\"My Modern Met\"},\"image\":{\"@id\":\"https:\\\/\\\/mymodernmet.com\\\/es\\\/#\\\/schema\\\/logo\\\/image\\\/\"},\"sameAs\":[\"https:\\\/\\\/www.facebook.com\\\/mymodernmet\",\"https:\\\/\\\/x.com\\\/mymodernmet\",\"https:\\\/\\\/www.instagram.com\\\/mymodernmet\\\/\",\"https:\\\/\\\/www.linkedin.com\\\/company\\\/3811009?trk=tyah&amp;amp;amp;trkInfo=clickedVertical:company,clickedEntityId:3811009,idx:2-1-2,tarId:1484473853378,tas:my modern\",\"https:\\\/\\\/www.pinterest.com\\\/mymodernmet\\\/\",\"https:\\\/\\\/www.youtube.com\\\/channel\\\/UCmiC4DC-xa6rqVJeNiRWDcQ\"]},{\"@type\":\"Person\",\"@id\":\"https:\\\/\\\/mymodernmet.com\\\/es\\\/#\\\/schema\\\/person\\\/968140d08ad6b9d778e1ad2f37ffe3f7\",\"name\":\"Regina Sienra\",\"image\":{\"@type\":\"ImageObject\",\"inLanguage\":\"es-ES\",\"@id\":\"https:\\\/\\\/secure.gravatar.com\\\/avatar\\\/0b74a6cdccb33496cc44288f3df56039aab6b761220fe8727ed3bd2e6aaad66e?s=96&d=mm&r=g\",\"url\":\"https:\\\/\\\/secure.gravatar.com\\\/avatar\\\/0b74a6cdccb33496cc44288f3df56039aab6b761220fe8727ed3bd2e6aaad66e?s=96&d=mm&r=g\",\"contentUrl\":\"https:\\\/\\\/secure.gravatar.com\\\/avatar\\\/0b74a6cdccb33496cc44288f3df56039aab6b761220fe8727ed3bd2e6aaad66e?s=96&d=mm&r=g\",\"caption\":\"Regina Sienra\"},\"description\":\"Regina Sienra es colaboradora y redactora en espa\u00f1ol para My Modern Met. Periodista y traductora originaria de la Ciudad de M\u00e9xico. Es egresada de la Universidad Nacional Aut\u00f3noma de M\u00e9xico, donde curs\u00f3 la licenciatura en Ciencias de la Comunicaci\u00f3n con especialidad en Periodismo. Su pasi\u00f3n por escribir sobre las artes visuales, la m\u00fasica, el cine, la literatura y el teatro ha dado vida a una carrera de casi 10 a\u00f1os en diversos medios culturales de M\u00e9xico, Estados Unidos y Canad\u00e1.\",\"url\":\"https:\\\/\\\/mymodernmet.com\\\/es\\\/author\\\/regina\\\/\"}]}<\/script>\n<!-- \/ Yoast SEO Premium plugin. -->","yoast_head_json":{"title":"'La joven de la perla': conoce la historia de esta enigm\u00e1tica pintura","description":"Por su extraordinaria t\u00e9cnica y composici\u00f3n, la misteriosa pintura \"La joven de la perla\" es una de las mejores obras de todos los tiempos.","robots":{"index":"index","follow":"follow","max-snippet":"max-snippet:-1","max-image-preview":"max-image-preview:large","max-video-preview":"max-video-preview:-1"},"canonical":"https:\/\/mymodernmet.com\/es\/vermeer-joven-perla\/","og_locale":"es_ES","og_type":"article","og_title":"'La joven de la perla': desentra\u00f1ando la misteriosa obra maestra del siglo de oro neerland\u00e9s","og_description":"Conocida como la \"Mona Lisa del norte\", esta pintura representa lo mejor del arte neerland\u00e9s y sigue siendo un misterio para los entusiastas del arte.","og_url":"https:\/\/mymodernmet.com\/es\/vermeer-joven-perla\/","og_site_name":"My Modern Met en Espa\u00f1ol","article_publisher":"https:\/\/www.facebook.com\/mymodernmet","article_published_time":"2021-09-27T19:25:39+00:00","og_image":[{"width":1200,"height":628,"url":"https:\/\/mymodernmet.com\/wp\/wp-content\/uploads\/2018\/09\/girl-with-a-pearl-earring-thumbnail.jpg","type":"image\/jpeg"}],"author":"Regina Sienra","twitter_card":"summary_large_image","twitter_title":"Conoce la historia de la enigm\u00e1tica 'Joven de la perla'","twitter_description":"Conocida como la \"Mona Lisa del norte\", esta pintura representa lo mejor del arte neerland\u00e9s y sigue siendo un misterio para los entusiastas del arte.","twitter_image":"https:\/\/mymodernmet.com\/wp\/wp-content\/uploads\/2018\/09\/girl-with-a-pearl-earring-thumbnail.jpg","twitter_creator":"@mymodernmet","twitter_site":"@mymodernmetes","twitter_misc":{"Written by":"Regina Sienra","Est. reading time":"7 minutes"},"schema":{"@context":"https:\/\/schema.org","@graph":[{"@type":"Article","@id":"https:\/\/mymodernmet.com\/es\/vermeer-joven-perla\/#article","isPartOf":{"@id":"https:\/\/mymodernmet.com\/es\/vermeer-joven-perla\/"},"author":{"name":"Regina Sienra","@id":"https:\/\/mymodernmet.com\/es\/#\/schema\/person\/968140d08ad6b9d778e1ad2f37ffe3f7"},"headline":"&#8216;La joven de la perla&#8217;: desentra\u00f1ando la misteriosa obra maestra del siglo de oro neerland\u00e9s","datePublished":"2021-09-27T19:25:39+00:00","mainEntityOfPage":{"@id":"https:\/\/mymodernmet.com\/es\/vermeer-joven-perla\/"},"wordCount":1249,"publisher":{"@id":"https:\/\/mymodernmet.com\/es\/#organization"},"image":{"@id":"https:\/\/mymodernmet.com\/es\/vermeer-joven-perla\/#primaryimage"},"thumbnailUrl":"https:\/\/mymodernmet.com\/wp\/wp-content\/uploads\/2018\/09\/girl-with-a-pearl-earring-1.jpg","keywords":["johannes vermeer","la joven de la perla","pintura","siglo de oro neerlandes","Vermeer"],"articleSection":["Historia del arte"],"inLanguage":"es-ES","copyrightYear":"2021","copyrightHolder":{"@id":"https:\/\/mymodernmet.com\/#organization"}},{"@type":"WebPage","@id":"https:\/\/mymodernmet.com\/es\/vermeer-joven-perla\/","url":"https:\/\/mymodernmet.com\/es\/vermeer-joven-perla\/","name":"'La joven de la perla': conoce la historia de esta enigm\u00e1tica pintura","isPartOf":{"@id":"https:\/\/mymodernmet.com\/es\/#website"},"primaryImageOfPage":{"@id":"https:\/\/mymodernmet.com\/es\/vermeer-joven-perla\/#primaryimage"},"image":{"@id":"https:\/\/mymodernmet.com\/es\/vermeer-joven-perla\/#primaryimage"},"thumbnailUrl":"https:\/\/mymodernmet.com\/wp\/wp-content\/uploads\/2018\/09\/girl-with-a-pearl-earring-1.jpg","datePublished":"2021-09-27T19:25:39+00:00","description":"Por su extraordinaria t\u00e9cnica y composici\u00f3n, la misteriosa pintura \"La joven de la perla\" es una de las mejores obras de todos los tiempos.","breadcrumb":{"@id":"https:\/\/mymodernmet.com\/es\/vermeer-joven-perla\/#breadcrumb"},"inLanguage":"es-ES","potentialAction":[{"@type":"ReadAction","target":["https:\/\/mymodernmet.com\/es\/vermeer-joven-perla\/"]}]},{"@type":"ImageObject","inLanguage":"es-ES","@id":"https:\/\/mymodernmet.com\/es\/vermeer-joven-perla\/#primaryimage","url":"https:\/\/mymodernmet.com\/wp\/wp-content\/uploads\/2018\/09\/girl-with-a-pearl-earring-1.jpg","contentUrl":"https:\/\/mymodernmet.com\/wp\/wp-content\/uploads\/2018\/09\/girl-with-a-pearl-earring-1.jpg"},{"@type":"BreadcrumbList","@id":"https:\/\/mymodernmet.com\/es\/vermeer-joven-perla\/#breadcrumb","itemListElement":[{"@type":"ListItem","position":1,"name":"Home","item":"https:\/\/mymodernmet.com\/es\/"},{"@type":"ListItem","position":2,"name":"Historia del arte","item":"https:\/\/mymodernmet.com\/es\/category\/historia-del-arte\/"},{"@type":"ListItem","position":3,"name":"&#8216;La joven de la perla&#8217;: desentra\u00f1ando la misteriosa obra maestra del siglo de oro neerland\u00e9s"}]},{"@type":"WebSite","@id":"https:\/\/mymodernmet.com\/es\/#website","url":"https:\/\/mymodernmet.com\/es\/","name":"My Modern Met","description":"The Big City That Celebrates Creative Ideas","publisher":{"@id":"https:\/\/mymodernmet.com\/es\/#organization"},"alternateName":"My Modern Met","potentialAction":[{"@type":"SearchAction","target":{"@type":"EntryPoint","urlTemplate":"https:\/\/mymodernmet.com\/es\/?s={search_term_string}"},"query-input":{"@type":"PropertyValueSpecification","valueRequired":true,"valueName":"search_term_string"}}],"inLanguage":"es-ES"},{"@type":"Organization","@id":"https:\/\/mymodernmet.com\/es\/#organization","name":"My Modern Met","alternateName":"My Modern Met","url":"https:\/\/mymodernmet.com\/es\/","logo":{"@type":"ImageObject","inLanguage":"es-ES","@id":"https:\/\/mymodernmet.com\/es\/#\/schema\/logo\/image\/","url":"https:\/\/mymodernmet.com\/wp\/wp-content\/uploads\/2016\/12\/tumblr-logo.jpg","contentUrl":"https:\/\/mymodernmet.com\/wp\/wp-content\/uploads\/2016\/12\/tumblr-logo.jpg","width":600,"height":600,"caption":"My Modern Met"},"image":{"@id":"https:\/\/mymodernmet.com\/es\/#\/schema\/logo\/image\/"},"sameAs":["https:\/\/www.facebook.com\/mymodernmet","https:\/\/x.com\/mymodernmet","https:\/\/www.instagram.com\/mymodernmet\/","https:\/\/www.linkedin.com\/company\/3811009?trk=tyah&amp;amp;amp;trkInfo=clickedVertical:company,clickedEntityId:3811009,idx:2-1-2,tarId:1484473853378,tas:my modern","https:\/\/www.pinterest.com\/mymodernmet\/","https:\/\/www.youtube.com\/channel\/UCmiC4DC-xa6rqVJeNiRWDcQ"]},{"@type":"Person","@id":"https:\/\/mymodernmet.com\/es\/#\/schema\/person\/968140d08ad6b9d778e1ad2f37ffe3f7","name":"Regina Sienra","image":{"@type":"ImageObject","inLanguage":"es-ES","@id":"https:\/\/secure.gravatar.com\/avatar\/0b74a6cdccb33496cc44288f3df56039aab6b761220fe8727ed3bd2e6aaad66e?s=96&d=mm&r=g","url":"https:\/\/secure.gravatar.com\/avatar\/0b74a6cdccb33496cc44288f3df56039aab6b761220fe8727ed3bd2e6aaad66e?s=96&d=mm&r=g","contentUrl":"https:\/\/secure.gravatar.com\/avatar\/0b74a6cdccb33496cc44288f3df56039aab6b761220fe8727ed3bd2e6aaad66e?s=96&d=mm&r=g","caption":"Regina Sienra"},"description":"Regina Sienra es colaboradora y redactora en espa\u00f1ol para My Modern Met. Periodista y traductora originaria de la Ciudad de M\u00e9xico. Es egresada de la Universidad Nacional Aut\u00f3noma de M\u00e9xico, donde curs\u00f3 la licenciatura en Ciencias de la Comunicaci\u00f3n con especialidad en Periodismo. Su pasi\u00f3n por escribir sobre las artes visuales, la m\u00fasica, el cine, la literatura y el teatro ha dado vida a una carrera de casi 10 a\u00f1os en diversos medios culturales de M\u00e9xico, Estados Unidos y Canad\u00e1.","url":"https:\/\/mymodernmet.com\/es\/author\/regina\/"}]}},"_links":{"self":[{"href":"https:\/\/mymodernmet.com\/es\/wp-json\/wp\/v2\/posts\/322688","targetHints":{"allow":["GET"]}}],"collection":[{"href":"https:\/\/mymodernmet.com\/es\/wp-json\/wp\/v2\/posts"}],"about":[{"href":"https:\/\/mymodernmet.com\/es\/wp-json\/wp\/v2\/types\/post"}],"author":[{"embeddable":true,"href":"https:\/\/mymodernmet.com\/es\/wp-json\/wp\/v2\/users\/320"}],"replies":[{"embeddable":true,"href":"https:\/\/mymodernmet.com\/es\/wp-json\/wp\/v2\/comments?post=322688"}],"version-history":[{"count":11,"href":"https:\/\/mymodernmet.com\/es\/wp-json\/wp\/v2\/posts\/322688\/revisions"}],"predecessor-version":[{"id":445350,"href":"https:\/\/mymodernmet.com\/es\/wp-json\/wp\/v2\/posts\/322688\/revisions\/445350"}],"wp:attachment":[{"href":"https:\/\/mymodernmet.com\/es\/wp-json\/wp\/v2\/media?parent=322688"}],"wp:term":[{"taxonomy":"category","embeddable":true,"href":"https:\/\/mymodernmet.com\/es\/wp-json\/wp\/v2\/categories?post=322688"},{"taxonomy":"post_tag","embeddable":true,"href":"https:\/\/mymodernmet.com\/es\/wp-json\/wp\/v2\/tags?post=322688"}],"curies":[{"name":"wp","href":"https:\/\/api.w.org\/{rel}","templated":true}]}}