{"id":519505,"date":"2022-06-08T10:40:02","date_gmt":"2022-06-08T14:40:02","guid":{"rendered":"https:\/\/mymodernmet.com\/irwin-30th-wedding-anniversary\/"},"modified":"2022-06-08T00:22:12","modified_gmt":"2022-06-08T04:22:12","slug":"terri-steve-irwin-30-aniversario","status":"publish","type":"post","link":"https:\/\/mymodernmet.com\/es\/terri-steve-irwin-30-aniversario\/","title":{"rendered":"Terri Irwin recuerda al difunto Steve Irwin en el que hubiera sido su 30\u00ba aniversario"},"content":{"rendered":"<p><a id=\"IQQcAsViST58jd5P9obqng\" class=\"gie-single\" style=\"color: #a7a7a7; text-decoration: none; font-weight: normal !important; border: none; display: inline-block;\" href=\"http:\/\/www.gettyimages.com\/detail\/77794215\" target=\"_blank\" rel=\"noopener\">Embed from Getty Images<\/a><script>window.gie=window.gie||function(c){(gie.q=gie.q||[]).push(c)};gie(function(){gie.widgets.load({id:'IQQcAsViST58jd5P9obqng',sig:'V9hCjViIOGWLr-SrhqnrlyG2HMbg4pr_cWWLOSQ5YCU=',w:'594px',h:'396px',items:'77794215',caption: true ,tld:'com',is360: false })});<\/script><script src=\"\/\/embed-cdn.gettyimages.com\/widgets.js\" charset=\"utf-8\" async><\/script><\/p>\n<p>El amor puede durar para toda la vida, incluso cuando una de esas vidas termina antes de tiempo. Ese es el caso de Terri Irwin y el difunto &#8220;cazador de cocodrilos&#8221; Steve Irwin. La pareja se cas&oacute; hace 30 a&ntilde;os, el 4 de junio de 1992. Para conmemorar ese momento tan especial, Terri tuite&oacute; una foto de Steve y de ella con el siguiente texto: &#8220;Hoy hace treinta a&ntilde;os que me cas&eacute; con este hombre incre&iacute;ble. &iexcl;Qu&eacute; aventura! El amor y el legado siguen vivos&#8221;. Est&aacute; claro que el amor que siente el hombre con el que se cas&oacute; en 1992 a&uacute;n no se ha desvanecido.<\/p>\n<p>La pareja se conoci&oacute; en 1991, cuando Terri pas&oacute; por un peque&ntilde;o parque de reptiles en Australia, donde Steve trabajaba entonces como cuidador. Steve, con su caracter&iacute;stico entusiasmo, <a href=\"https:\/\/youtu.be\/BIBdllXPg14\" target=\"_blank\" rel=\"noopener\">describi&oacute;<\/a> su encuentro como &#8220;amor a primera vista&#8221;. La pareja se cas&oacute; ocho meses despu&eacute;s. En los a&ntilde;os siguientes, dieron la bienvenida a su hija, Bindi, que ahora tiene 23 a&ntilde;os, y a su hijo Robert, de 18.<\/p>\n<p>Estuvieron casados durante 14 a&ntilde;os hasta que Steve muri&oacute; inesperadamente a los 44 a&ntilde;os, en 2006. Fue herido por una p&uacute;a de raya mientras filmaba en la costa del norte de Australia. &#8220;No importa cu&aacute;les sean las circunstancias en las que pierdas a alguien, nadie est&aacute; verdaderamente preparado&#8221;, dijo Terri a <em><a href=\"https:\/\/people.com\/tv\/terri-irwin-hasnt-dated-since-steve\/\" target=\"_blank\" rel=\"noopener\">People<\/a><\/em> en 2018. &#8220;El accidente de Steve fue tan inesperado que fue extremadamente dif&iacute;cil .&#8221;Por mucho que duela, el sol vuelve a salir y la vida debe continuar.<\/p>\n<p>Terri encontr&oacute; la manera de que su vida y la de los ni&ntilde;os continuara sin amargura. &#8220;Cada uno dec&iacute;a su parte favorita del d&iacute;a, lo que m&aacute;s esperaba para el d&iacute;a siguiente, y una buena acci&oacute;n que hubi&eacute;ramos hecho ese d&iacute;a&#8221;, dice. &#8220;No puedes centrarte en ti mismo. Tienes que centrarte en lo que haces por los dem&aacute;s y entonces puedes empezar a sanar&#8221;. Terri sab&iacute;a que el amor y la devoci&oacute;n que sent&iacute;a por Steve no iban a morir, pero encontr&oacute; la manera de mantenerlo vivo para Bindi, que ten&iacute;a 7 a&ntilde;os en ese momento, y Robert, que s&oacute;lo ten&iacute;a 2 cuando su padre falleci&oacute;. Sus recuerdos de su padre se habr&iacute;an desvanecido con el tiempo si Terri no hubiera seguido haciendo que Steve formara parte de su vida cotidiana, continuando su trabajo y su legado, su amor por la vida y su amor por sus hijos.<\/p>\n<p>&#8220;Steve era alguien que era m&aacute;s grande que la vida misma y realmente viv&iacute;a la vida al m&aacute;ximo&#8221;, dice. &#8220;Aunque muri&oacute; a los 44 a&ntilde;os, vivi&oacute; una vida muy plena y eso es lo que quiero hacer y compartir&#8221;. Tanto Bindi como Robert han crecido compartiendo las pasiones de sus padres, dedicando su tiempo e influencia al rescate y la conservaci&oacute;n de la vida salvaje y trabajando en el Zool&oacute;gico de Australia, fundado por los padres de Steve, Bob y Lyn Irwin.<\/p>\n<p>El compromiso de Terri con Steve y su legado contin&uacute;a cambiando vidas, y las respuestas a su tuit de aniversario han sido abrumadoramente positivas y cari&ntilde;osas. Una persona respondi&oacute;: &#8220;Cuando era m&aacute;s joven, no ten&iacute;a a nadie en mi vida personal que me mostrara lo que era el verdadero amor&#8230; Ahora veo que fueron ustedes los que realmente me ayudaron a formar mis ideas sobre el amor, y lo que es una pareja feliz de verdad. Mi chico y yo celebraremos 9 a&ntilde;os juntos en agosto&#8221;. Otra coment&oacute;: &#8220;&Eacute;l es y siempre ser&aacute; uno de mis h&eacute;roes, le debo mucho de lo que soy y de lo que amo a &eacute;l y a ustedes y a todo lo que hicieron juntos&#8221;.<\/p>\n<p>En respuesta a quienes le preguntan sobre su inter&eacute;s en casarse de nuevo, Terri dice: &#8220;Creo que es maravilloso cuando la gente que ha perdido a alguien encuentra el amor de nuevo, pero yo no lo estoy buscando, y no he tenido una cita en 27 a&ntilde;os&#8221;. En una entrevista concedida a <em>The Courier<\/em> en 2021, <a href=\"https:\/\/www.couriermail.com.au\/subscribe\/news\/1\/?sourceCode=CMWEB_WRE170_a&dest=https%3A%2F%2Fwww.couriermail.com.au%2Flifestyle%2Fqweekend%2Fi-want-to-be-prepared-for-whats-coming-next-terri-irwin-on-surviving-covid-pandemic-and-future-for-australia-zoo%2Fnews-story%2Fc1097488b1273584211c6e923b00803a&memtype=anonymous&mode=premium&v21=dynamic-cold-control-noscore&V21spcbehaviour=append\" target=\"_blank\" rel=\"noopener\">a&ntilde;adi&oacute;<\/a>: &#8220;Sigo diciendo esto, y creo que ahora que han pasado 15 a&ntilde;os la gente por fin est&aacute; empezando a creerme, Steve lo era todo para m&iacute;&#8230; As&iacute; son las cosas. Tuve un gran, gran amor y fue suficiente para toda la vida&#8221;.<\/p>\n<h2>El 4 de junio, Terri Irwin celebr&oacute; su 30&ordm; aniversario de bodas con Steve Irwin a trav&eacute;s de un tierno tuit:<\/h2>\n<blockquote class=\"twitter-tweet\">\n<p dir=\"ltr\" lang=\"en\">I married this incredible bloke 30 years ago today. What an adventure! Love and legacy live on. <a href=\"https:\/\/t.co\/FEHTYfh5Xf\">pic.twitter.com\/FEHTYfh5Xf<\/a><\/p>\n<p>&mdash; Terri Irwin (@TerriIrwin) <a href=\"https:\/\/twitter.com\/TerriIrwin\/status\/1532873271158267904?ref_src=twsrc%5Etfw\">June 3, 2022<\/a><\/p><\/blockquote>\n<p><script async src=\"https:\/\/platform.twitter.com\/widgets.js\" charset=\"utf-8\"><\/script><\/p>\n<h2>Los hijos de Steve y Terry, Bindi y Robert, tambi&eacute;n publicaron fotos en honor al aniversario de sus padres.<\/h2>\n<blockquote class=\"instagram-media\" style=\"background: #FFF; border: 0; border-radius: 3px; box-shadow: 0 0 1px 0 rgba(0,0,0,0.5),0 1px 10px 0 rgba(0,0,0,0.15); margin: 1px; max-width: 540px; min-width: 326px; padding: 0; width: calc(100% - 2px);\" data-instgrm-captioned=\"\" data-instgrm-permalink=\"https:\/\/www.instagram.com\/p\/CeXSX2SBDbw\/?utm_source=ig_embed&utm_campaign=loading\" data-instgrm-version=\"14\">\n<div style=\"padding: 16px;\">\n<p>&nbsp;<\/p>\n<div style=\"display: flex; flex-direction: row; align-items: center;\">\n<div style=\"background-color: #f4f4f4; border-radius: 50%; flex-grow: 0; height: 40px; margin-right: 14px; width: 40px;\"><\/div>\n<div style=\"display: flex; flex-direction: column; flex-grow: 1; justify-content: center;\">\n<div style=\"background-color: #f4f4f4; border-radius: 4px; flex-grow: 0; height: 14px; margin-bottom: 6px; width: 100px;\"><\/div>\n<div style=\"background-color: #f4f4f4; border-radius: 4px; flex-grow: 0; height: 14px; width: 60px;\"><\/div>\n<\/div>\n<\/div>\n<div style=\"padding: 19% 0;\"><\/div>\n<div style=\"display: block; height: 50px; margin: 0 auto 12px; width: 50px;\"><\/div>\n<div style=\"padding-top: 8px;\">\n<div style=\"color: #3897f0; font-family: Arial,sans-serif; font-size: 14px; font-style: normal; font-weight: 550; line-height: 18px;\">View this post on Instagram<\/div>\n<\/div>\n<div style=\"padding: 12.5% 0;\"><\/div>\n<div style=\"display: flex; flex-direction: row; margin-bottom: 14px; align-items: center;\">\n<div>\n<div style=\"background-color: #f4f4f4; border-radius: 50%; height: 12.5px; width: 12.5px; transform: translateX(0px) translateY(7px);\"><\/div>\n<div style=\"background-color: #f4f4f4; height: 12.5px; transform: rotate(-45deg) translateX(3px) translateY(1px); width: 12.5px; flex-grow: 0; margin-right: 14px; margin-left: 2px;\"><\/div>\n<div style=\"background-color: #f4f4f4; border-radius: 50%; height: 12.5px; width: 12.5px; transform: translateX(9px) translateY(-18px);\"><\/div>\n<\/div>\n<div style=\"margin-left: 8px;\">\n<div style=\"background-color: #f4f4f4; border-radius: 50%; flex-grow: 0; height: 20px; width: 20px;\"><\/div>\n<div style=\"width: 0; height: 0; border-top: 2px solid transparent; border-left: 6px solid #f4f4f4; border-bottom: 2px solid transparent; transform: translateX(16px) translateY(-4px) rotate(30deg);\"><\/div>\n<\/div>\n<div style=\"margin-left: auto;\">\n<div style=\"width: 0px; border-top: 8px solid #F4F4F4; border-right: 8px solid transparent; transform: translateY(16px);\"><\/div>\n<div style=\"background-color: #f4f4f4; flex-grow: 0; height: 12px; width: 16px; transform: translateY(-4px);\"><\/div>\n<div style=\"width: 0; height: 0; border-top: 8px solid #F4F4F4; border-left: 8px solid transparent; transform: translateY(-4px) translateX(8px);\"><\/div>\n<\/div>\n<\/div>\n<div style=\"display: flex; flex-direction: column; flex-grow: 1; justify-content: center; margin-bottom: 24px;\">\n<div style=\"background-color: #f4f4f4; border-radius: 4px; flex-grow: 0; height: 14px; margin-bottom: 6px; width: 224px;\"><\/div>\n<div style=\"background-color: #f4f4f4; border-radius: 4px; flex-grow: 0; height: 14px; width: 144px;\"><\/div>\n<\/div>\n<p>&nbsp;<\/p>\n<p style=\"color: #c9c8cd; font-family: Arial,sans-serif; font-size: 14px; line-height: 17px; margin-bottom: 0; margin-top: 8px; overflow: hidden; padding: 8px 0 7px; text-align: center; text-overflow: ellipsis; white-space: nowrap;\"><a style=\"color: #c9c8cd; font-family: Arial,sans-serif; font-size: 14px; font-style: normal; font-weight: normal; line-height: 17px; text-decoration: none;\" href=\"https:\/\/www.instagram.com\/p\/CeXSX2SBDbw\/?utm_source=ig_embed&utm_campaign=loading\" target=\"_blank\" rel=\"noopener\">A post shared by Bindi Irwin (@bindisueirwin)<\/a><\/p>\n<\/div>\n<\/blockquote>\n<blockquote class=\"instagram-media\" style=\"background: #FFF; border: 0; border-radius: 3px; box-shadow: 0 0 1px 0 rgba(0,0,0,0.5),0 1px 10px 0 rgba(0,0,0,0.15); margin: 1px; max-width: 540px; min-width: 326px; padding: 0; width: calc(100% - 2px);\" data-instgrm-captioned=\"\" data-instgrm-permalink=\"https:\/\/www.instagram.com\/p\/CeV8YT-h169\/?utm_source=ig_embed&utm_campaign=loading\" data-instgrm-version=\"14\">\n<div style=\"padding: 16px;\">\n<p>&nbsp;<\/p>\n<div style=\"display: flex; flex-direction: row; align-items: center;\">\n<div style=\"background-color: #f4f4f4; border-radius: 50%; flex-grow: 0; height: 40px; margin-right: 14px; width: 40px;\"><\/div>\n<div style=\"display: flex; flex-direction: column; flex-grow: 1; justify-content: center;\">\n<div style=\"background-color: #f4f4f4; border-radius: 4px; flex-grow: 0; height: 14px; margin-bottom: 6px; width: 100px;\"><\/div>\n<div style=\"background-color: #f4f4f4; border-radius: 4px; flex-grow: 0; height: 14px; width: 60px;\"><\/div>\n<\/div>\n<\/div>\n<div style=\"padding: 19% 0;\"><\/div>\n<div style=\"display: block; height: 50px; margin: 0 auto 12px; width: 50px;\"><\/div>\n<div style=\"padding-top: 8px;\">\n<div style=\"color: #3897f0; font-family: Arial,sans-serif; font-size: 14px; font-style: normal; font-weight: 550; line-height: 18px;\">View this post on Instagram<\/div>\n<\/div>\n<div style=\"padding: 12.5% 0;\"><\/div>\n<div style=\"display: flex; flex-direction: row; margin-bottom: 14px; align-items: center;\">\n<div>\n<div style=\"background-color: #f4f4f4; border-radius: 50%; height: 12.5px; width: 12.5px; transform: translateX(0px) translateY(7px);\"><\/div>\n<div style=\"background-color: #f4f4f4; height: 12.5px; transform: rotate(-45deg) translateX(3px) translateY(1px); width: 12.5px; flex-grow: 0; margin-right: 14px; margin-left: 2px;\"><\/div>\n<div style=\"background-color: #f4f4f4; border-radius: 50%; height: 12.5px; width: 12.5px; transform: translateX(9px) translateY(-18px);\"><\/div>\n<\/div>\n<div style=\"margin-left: 8px;\">\n<div style=\"background-color: #f4f4f4; border-radius: 50%; flex-grow: 0; height: 20px; width: 20px;\"><\/div>\n<div style=\"width: 0; height: 0; border-top: 2px solid transparent; border-left: 6px solid #f4f4f4; border-bottom: 2px solid transparent; transform: translateX(16px) translateY(-4px) rotate(30deg);\"><\/div>\n<\/div>\n<div style=\"margin-left: auto;\">\n<div style=\"width: 0px; border-top: 8px solid #F4F4F4; border-right: 8px solid transparent; transform: translateY(16px);\"><\/div>\n<div style=\"background-color: #f4f4f4; flex-grow: 0; height: 12px; width: 16px; transform: translateY(-4px);\"><\/div>\n<div style=\"width: 0; height: 0; border-top: 8px solid #F4F4F4; border-left: 8px solid transparent; transform: translateY(-4px) translateX(8px);\"><\/div>\n<\/div>\n<\/div>\n<div style=\"display: flex; flex-direction: column; flex-grow: 1; justify-content: center; margin-bottom: 24px;\">\n<div style=\"background-color: #f4f4f4; border-radius: 4px; flex-grow: 0; height: 14px; margin-bottom: 6px; width: 224px;\"><\/div>\n<div style=\"background-color: #f4f4f4; border-radius: 4px; flex-grow: 0; height: 14px; width: 144px;\"><\/div>\n<\/div>\n<p>&nbsp;<\/p>\n<p style=\"color: #c9c8cd; font-family: Arial,sans-serif; font-size: 14px; line-height: 17px; margin-bottom: 0; margin-top: 8px; overflow: hidden; padding: 8px 0 7px; text-align: center; text-overflow: ellipsis; white-space: nowrap;\"><a style=\"color: #c9c8cd; font-family: Arial,sans-serif; font-size: 14px; font-style: normal; font-weight: normal; line-height: 17px; text-decoration: none;\" href=\"https:\/\/www.instagram.com\/p\/CeV8YT-h169\/?utm_source=ig_embed&utm_campaign=loading\" target=\"_blank\" rel=\"noopener\">A post shared by Robert Irwin (@robertirwinphotography)<\/a><\/p>\n<\/div>\n<\/blockquote>\n<p><script async src=\"\/\/www.instagram.com\/embed.js\"><\/script><\/p>\n<h2>Mira el dulce video a continuaci&oacute;n para escuchar a Steve y Terri contar la historia de c&oacute;mo se conocieron en 1991.<\/h2>\n<div class=\"video-wrapper\"><iframe src=\"https:\/\/www.youtube.com\/embed\/BIBdllXPg14\" width=\"750\" height=\"422\" scrolling=\"no\" frameborder=\"0\" ><\/iframe><\/div>\n<p>h\/t: [<a href=\"https:\/\/people.com\/pets\/terri-irwin-celebrates-30th-wedding-anniversary-with-late-husband-steve-irwin\/\" target=\"_blank\" rel=\"noopener\">People<\/a>]<\/p>\n<h2><span style=\"text-decoration: underline;\">Art&iacute;culos relacionados:<\/span><\/h2>\n<p><a href=\"https:\/\/mymodernmet.com\/es\/bindi-irwin-retrato-familiar-dia-madres\/\">Bindi Irwin comparte un retrato familiar ilustrado donde su pap&aacute; Steve Irwin carga a su nueva beb&eacute;<\/a><\/p>\n<p><a href=\"https:\/\/mymodernmet.com\/es\/familia-steve-irwin-hospital-vida-silvestre\/\">La familia de Steve Irwin ha salvado a m&aacute;s de 100,000 animales en su hospital<\/a><\/p>\n<p><a href=\"https:\/\/mymodernmet.com\/es\/robert-irwin-identico-steve-irwin\/\">Robert Irwin recrea una ic&oacute;nica foto de su pap&aacute;, Steve Irwin, y &iexcl;en verdad son id&eacute;nticos!<\/a><\/p>\n<p><a href=\"https:\/\/mymodernmet.com\/es\/steve-irwin-homenaje-cumpleanos-58\/\">La familia de Steve Irwin lo homenajea en el que hubiera sido su cumplea&ntilde;os n&uacute;mero 58<\/a><\/p>\n","protected":false},"excerpt":{"rendered":"<p>Embed from Getty Images El amor puede durar para toda la vida, incluso cuando una de esas vidas termina antes de tiempo. Ese es el caso de Terri Irwin y el difunto &#8220;cazador de cocodrilos&#8221; Steve Irwin. La pareja se cas&oacute; hace 30 a&ntilde;os, el 4 de junio de 1992. Para conmemorar ese momento tan [&hellip;]<\/p>\n","protected":false},"author":321,"featured_media":0,"comment_status":"closed","ping_status":"closed","sticky":false,"template":"","format":"standard","meta":{"_acf_changed":false,"om_disable_all_campaigns":false,"_wp_convertkit_post_meta":{"form":"1558017","landing_page":"","tag":"0"},"_ef_editorial_meta_date_first-draft-date":"","_ef_editorial_meta_paragraph_assignment":"","_ef_editorial_meta_checkbox_needs-photo":"","_ef_editorial_meta_number_word-count":"","footnotes":""},"categories":[168412],"tags":[395797,307368,220165,383864,383861,191017,319862,396646,396647],"class_list":["post-519505","post","type-post","status-publish","format-standard","hentry","category-inspiracion","tag-aniversario","tag-australia-zoo-es","tag-cazador-de-cocodrilos-es","tag-familia-irwin","tag-irwin-family-es","tag-steve-irwin-es","tag-terri-irwin","tag-terri-irwin-2-es","tag-wedding-anniversary-es"],"acf":[],"yoast_head":"<!-- This site is optimized with the Yoast SEO Premium plugin v27.4 (Yoast SEO v27.4) - https:\/\/yoast.com\/product\/yoast-seo-premium-wordpress\/ -->\n<title>Terri Irwin recuerda a Steve Irwin en el que hubiera sido su 30\u00ba aniversario<\/title>\n<meta name=\"description\" content=\"Terri y Steve Irwin se casaron hace 30 a\u00f1os, el 4 de junio de 1992. Terri rindi\u00f3 homenaje al amor de su vida con motivo de su 30\u00ba aniversario.\" \/>\n<meta name=\"robots\" content=\"index, follow, max-snippet:-1, max-image-preview:large, max-video-preview:-1\" \/>\n<link rel=\"canonical\" href=\"https:\/\/mymodernmet.com\/es\/terri-steve-irwin-30-aniversario\/\" \/>\n<meta property=\"og:locale\" content=\"es_ES\" \/>\n<meta property=\"og:type\" content=\"article\" \/>\n<meta property=\"og:title\" content=\"Terri Irwin recuerda al difunto Steve Irwin en el que hubiera sido su 30\u00ba aniversario\" \/>\n<meta property=\"og:description\" content=\"&quot;Hoy hace treinta a\u00f1os que me cas\u00e9 con este hombre incre\u00edble. \u00a1Qu\u00e9 aventura! El amor y el legado siguen vivos&quot;.\" \/>\n<meta property=\"og:url\" content=\"https:\/\/mymodernmet.com\/es\/terri-steve-irwin-30-aniversario\/\" \/>\n<meta property=\"og:site_name\" content=\"My Modern Met en Espa\u00f1ol\" \/>\n<meta property=\"article:publisher\" content=\"https:\/\/www.facebook.com\/mymodernmet\" \/>\n<meta property=\"article:published_time\" content=\"2022-06-08T14:40:02+00:00\" \/>\n<meta property=\"og:image\" content=\"https:\/\/mymodernmet.com\/wp\/wp-content\/uploads\/2022\/06\/irwin-30th-anniversary-fb.jpg\" \/>\n\t<meta property=\"og:image:width\" content=\"1200\" \/>\n\t<meta property=\"og:image:height\" content=\"630\" \/>\n\t<meta property=\"og:image:type\" content=\"image\/jpeg\" \/>\n<meta name=\"author\" content=\"Sof\u00eda Vargas\" \/>\n<meta name=\"twitter:card\" content=\"summary_large_image\" \/>\n<meta name=\"twitter:title\" content=\"Terri Irwin recuerda a Steve Irwin en el que hubiera sido su 30\u00ba aniversario\" \/>\n<meta name=\"twitter:description\" content=\"&quot;Hoy hace treinta a\u00f1os que me cas\u00e9 con este hombre incre\u00edble. \u00a1Qu\u00e9 aventura! El amor y el legado siguen vivos&quot;.\" \/>\n<meta name=\"twitter:image\" content=\"https:\/\/mymodernmet.com\/wp\/wp-content\/uploads\/2022\/06\/irwin-30th-anniversary-fb.jpg\" \/>\n<meta name=\"twitter:creator\" content=\"@mymodernmet\" \/>\n<meta name=\"twitter:site\" content=\"@mymodernmetes\" \/>\n<meta name=\"twitter:label1\" content=\"Written by\" \/>\n\t<meta name=\"twitter:data1\" content=\"Sof\u00eda Vargas\" \/>\n\t<meta name=\"twitter:label2\" content=\"Est. reading time\" \/>\n\t<meta name=\"twitter:data2\" content=\"4 minutes\" \/>\n<script type=\"application\/ld+json\" class=\"yoast-schema-graph\">{\"@context\":\"https:\\\/\\\/schema.org\",\"@graph\":[{\"@type\":\"Article\",\"@id\":\"https:\\\/\\\/mymodernmet.com\\\/es\\\/terri-steve-irwin-30-aniversario\\\/#article\",\"isPartOf\":{\"@id\":\"https:\\\/\\\/mymodernmet.com\\\/es\\\/terri-steve-irwin-30-aniversario\\\/\"},\"author\":{\"name\":\"Sof\u00eda Vargas\",\"@id\":\"https:\\\/\\\/mymodernmet.com\\\/es\\\/#\\\/schema\\\/person\\\/c7343a95a95535987ca78002582a8469\"},\"headline\":\"Terri Irwin recuerda al difunto Steve Irwin en el que hubiera sido su 30\u00ba aniversario\",\"datePublished\":\"2022-06-08T14:40:02+00:00\",\"mainEntityOfPage\":{\"@id\":\"https:\\\/\\\/mymodernmet.com\\\/es\\\/terri-steve-irwin-30-aniversario\\\/\"},\"wordCount\":959,\"publisher\":{\"@id\":\"https:\\\/\\\/mymodernmet.com\\\/es\\\/#organization\"},\"keywords\":[\"aniversario\",\"australia zoo\",\"cazador de cocodrilos\",\"familia irwin\",\"Irwin family\",\"Steve Irwin\",\"terri irwin\",\"terri irwin\",\"wedding anniversary\"],\"articleSection\":[\"Inspiraci\u00f3n\"],\"inLanguage\":\"es-ES\",\"copyrightYear\":\"2022\",\"copyrightHolder\":{\"@id\":\"https:\\\/\\\/mymodernmet.com\\\/#organization\"}},{\"@type\":\"WebPage\",\"@id\":\"https:\\\/\\\/mymodernmet.com\\\/es\\\/terri-steve-irwin-30-aniversario\\\/\",\"url\":\"https:\\\/\\\/mymodernmet.com\\\/es\\\/terri-steve-irwin-30-aniversario\\\/\",\"name\":\"Terri Irwin recuerda a Steve Irwin en el que hubiera sido su 30\u00ba aniversario\",\"isPartOf\":{\"@id\":\"https:\\\/\\\/mymodernmet.com\\\/es\\\/#website\"},\"datePublished\":\"2022-06-08T14:40:02+00:00\",\"description\":\"Terri y Steve Irwin se casaron hace 30 a\u00f1os, el 4 de junio de 1992. Terri rindi\u00f3 homenaje al amor de su vida con motivo de su 30\u00ba aniversario.\",\"breadcrumb\":{\"@id\":\"https:\\\/\\\/mymodernmet.com\\\/es\\\/terri-steve-irwin-30-aniversario\\\/#breadcrumb\"},\"inLanguage\":\"es-ES\",\"potentialAction\":[{\"@type\":\"ReadAction\",\"target\":[\"https:\\\/\\\/mymodernmet.com\\\/es\\\/terri-steve-irwin-30-aniversario\\\/\"]}]},{\"@type\":\"BreadcrumbList\",\"@id\":\"https:\\\/\\\/mymodernmet.com\\\/es\\\/terri-steve-irwin-30-aniversario\\\/#breadcrumb\",\"itemListElement\":[{\"@type\":\"ListItem\",\"position\":1,\"name\":\"Home\",\"item\":\"https:\\\/\\\/mymodernmet.com\\\/es\\\/\"},{\"@type\":\"ListItem\",\"position\":2,\"name\":\"Inspiraci\u00f3n\",\"item\":\"https:\\\/\\\/mymodernmet.com\\\/es\\\/category\\\/inspiracion\\\/\"},{\"@type\":\"ListItem\",\"position\":3,\"name\":\"Terri Irwin recuerda al difunto Steve Irwin en el que hubiera sido su 30\u00ba aniversario\"}]},{\"@type\":\"WebSite\",\"@id\":\"https:\\\/\\\/mymodernmet.com\\\/es\\\/#website\",\"url\":\"https:\\\/\\\/mymodernmet.com\\\/es\\\/\",\"name\":\"My Modern Met\",\"description\":\"The Big City That Celebrates Creative Ideas\",\"publisher\":{\"@id\":\"https:\\\/\\\/mymodernmet.com\\\/es\\\/#organization\"},\"alternateName\":\"My Modern Met\",\"potentialAction\":[{\"@type\":\"SearchAction\",\"target\":{\"@type\":\"EntryPoint\",\"urlTemplate\":\"https:\\\/\\\/mymodernmet.com\\\/es\\\/?s={search_term_string}\"},\"query-input\":{\"@type\":\"PropertyValueSpecification\",\"valueRequired\":true,\"valueName\":\"search_term_string\"}}],\"inLanguage\":\"es-ES\"},{\"@type\":\"Organization\",\"@id\":\"https:\\\/\\\/mymodernmet.com\\\/es\\\/#organization\",\"name\":\"My Modern Met\",\"alternateName\":\"My Modern Met\",\"url\":\"https:\\\/\\\/mymodernmet.com\\\/es\\\/\",\"logo\":{\"@type\":\"ImageObject\",\"inLanguage\":\"es-ES\",\"@id\":\"https:\\\/\\\/mymodernmet.com\\\/es\\\/#\\\/schema\\\/logo\\\/image\\\/\",\"url\":\"https:\\\/\\\/mymodernmet.com\\\/wp\\\/wp-content\\\/uploads\\\/2016\\\/12\\\/tumblr-logo.jpg\",\"contentUrl\":\"https:\\\/\\\/mymodernmet.com\\\/wp\\\/wp-content\\\/uploads\\\/2016\\\/12\\\/tumblr-logo.jpg\",\"width\":600,\"height\":600,\"caption\":\"My Modern Met\"},\"image\":{\"@id\":\"https:\\\/\\\/mymodernmet.com\\\/es\\\/#\\\/schema\\\/logo\\\/image\\\/\"},\"sameAs\":[\"https:\\\/\\\/www.facebook.com\\\/mymodernmet\",\"https:\\\/\\\/x.com\\\/mymodernmet\",\"https:\\\/\\\/www.instagram.com\\\/mymodernmet\\\/\",\"https:\\\/\\\/www.linkedin.com\\\/company\\\/3811009?trk=tyah&amp;amp;amp;trkInfo=clickedVertical:company,clickedEntityId:3811009,idx:2-1-2,tarId:1484473853378,tas:my modern\",\"https:\\\/\\\/www.pinterest.com\\\/mymodernmet\\\/\",\"https:\\\/\\\/www.youtube.com\\\/channel\\\/UCmiC4DC-xa6rqVJeNiRWDcQ\"]},{\"@type\":\"Person\",\"@id\":\"https:\\\/\\\/mymodernmet.com\\\/es\\\/#\\\/schema\\\/person\\\/c7343a95a95535987ca78002582a8469\",\"name\":\"Sof\u00eda Vargas\",\"image\":{\"@type\":\"ImageObject\",\"inLanguage\":\"es-ES\",\"@id\":\"https:\\\/\\\/secure.gravatar.com\\\/avatar\\\/f375c5ddc7178427184ea841b568be24f572cf208b3967df546a112377f8c927?s=96&d=mm&r=g\",\"url\":\"https:\\\/\\\/secure.gravatar.com\\\/avatar\\\/f375c5ddc7178427184ea841b568be24f572cf208b3967df546a112377f8c927?s=96&d=mm&r=g\",\"contentUrl\":\"https:\\\/\\\/secure.gravatar.com\\\/avatar\\\/f375c5ddc7178427184ea841b568be24f572cf208b3967df546a112377f8c927?s=96&d=mm&r=g\",\"caption\":\"Sof\u00eda Vargas\"},\"description\":\"Sof\u00eda Vargas es redactora en espa\u00f1ol para My Modern Met. Originaria de la Ciudad de M\u00e9xico, es licenciada en Lenguas Modernas y tiene un M\u00e1ster en Gesti\u00f3n Cultural por la Universidad Carlos III de Madrid. A lo largo de su carrera ha trabajado para varias instituciones culturales y ferias de arte en M\u00e9xico. Adem\u00e1s de escribir, Sof\u00eda dedica su tiempo a explorar otras pr\u00e1cticas art\u00edsticas, como la cer\u00e1mica y la ilustraci\u00f3n.\",\"sameAs\":[\"sofia@mymodernmet.com\"],\"url\":\"https:\\\/\\\/mymodernmet.com\\\/es\\\/author\\\/sofia\\\/\"}]}<\/script>\n<!-- \/ Yoast SEO Premium plugin. -->","yoast_head_json":{"title":"Terri Irwin recuerda a Steve Irwin en el que hubiera sido su 30\u00ba aniversario","description":"Terri y Steve Irwin se casaron hace 30 a\u00f1os, el 4 de junio de 1992. Terri rindi\u00f3 homenaje al amor de su vida con motivo de su 30\u00ba aniversario.","robots":{"index":"index","follow":"follow","max-snippet":"max-snippet:-1","max-image-preview":"max-image-preview:large","max-video-preview":"max-video-preview:-1"},"canonical":"https:\/\/mymodernmet.com\/es\/terri-steve-irwin-30-aniversario\/","og_locale":"es_ES","og_type":"article","og_title":"Terri Irwin recuerda al difunto Steve Irwin en el que hubiera sido su 30\u00ba aniversario","og_description":"\"Hoy hace treinta a\u00f1os que me cas\u00e9 con este hombre incre\u00edble. \u00a1Qu\u00e9 aventura! El amor y el legado siguen vivos\".","og_url":"https:\/\/mymodernmet.com\/es\/terri-steve-irwin-30-aniversario\/","og_site_name":"My Modern Met en Espa\u00f1ol","article_publisher":"https:\/\/www.facebook.com\/mymodernmet","article_published_time":"2022-06-08T14:40:02+00:00","og_image":[{"width":1200,"height":630,"url":"https:\/\/mymodernmet.com\/wp\/wp-content\/uploads\/2022\/06\/irwin-30th-anniversary-fb.jpg","type":"image\/jpeg"}],"author":"Sof\u00eda Vargas","twitter_card":"summary_large_image","twitter_title":"Terri Irwin recuerda a Steve Irwin en el que hubiera sido su 30\u00ba aniversario","twitter_description":"\"Hoy hace treinta a\u00f1os que me cas\u00e9 con este hombre incre\u00edble. \u00a1Qu\u00e9 aventura! El amor y el legado siguen vivos\".","twitter_image":"https:\/\/mymodernmet.com\/wp\/wp-content\/uploads\/2022\/06\/irwin-30th-anniversary-fb.jpg","twitter_creator":"@mymodernmet","twitter_site":"@mymodernmetes","twitter_misc":{"Written by":"Sof\u00eda Vargas","Est. reading time":"4 minutes"},"schema":{"@context":"https:\/\/schema.org","@graph":[{"@type":"Article","@id":"https:\/\/mymodernmet.com\/es\/terri-steve-irwin-30-aniversario\/#article","isPartOf":{"@id":"https:\/\/mymodernmet.com\/es\/terri-steve-irwin-30-aniversario\/"},"author":{"name":"Sof\u00eda Vargas","@id":"https:\/\/mymodernmet.com\/es\/#\/schema\/person\/c7343a95a95535987ca78002582a8469"},"headline":"Terri Irwin recuerda al difunto Steve Irwin en el que hubiera sido su 30\u00ba aniversario","datePublished":"2022-06-08T14:40:02+00:00","mainEntityOfPage":{"@id":"https:\/\/mymodernmet.com\/es\/terri-steve-irwin-30-aniversario\/"},"wordCount":959,"publisher":{"@id":"https:\/\/mymodernmet.com\/es\/#organization"},"keywords":["aniversario","australia zoo","cazador de cocodrilos","familia irwin","Irwin family","Steve Irwin","terri irwin","terri irwin","wedding anniversary"],"articleSection":["Inspiraci\u00f3n"],"inLanguage":"es-ES","copyrightYear":"2022","copyrightHolder":{"@id":"https:\/\/mymodernmet.com\/#organization"}},{"@type":"WebPage","@id":"https:\/\/mymodernmet.com\/es\/terri-steve-irwin-30-aniversario\/","url":"https:\/\/mymodernmet.com\/es\/terri-steve-irwin-30-aniversario\/","name":"Terri Irwin recuerda a Steve Irwin en el que hubiera sido su 30\u00ba aniversario","isPartOf":{"@id":"https:\/\/mymodernmet.com\/es\/#website"},"datePublished":"2022-06-08T14:40:02+00:00","description":"Terri y Steve Irwin se casaron hace 30 a\u00f1os, el 4 de junio de 1992. Terri rindi\u00f3 homenaje al amor de su vida con motivo de su 30\u00ba aniversario.","breadcrumb":{"@id":"https:\/\/mymodernmet.com\/es\/terri-steve-irwin-30-aniversario\/#breadcrumb"},"inLanguage":"es-ES","potentialAction":[{"@type":"ReadAction","target":["https:\/\/mymodernmet.com\/es\/terri-steve-irwin-30-aniversario\/"]}]},{"@type":"BreadcrumbList","@id":"https:\/\/mymodernmet.com\/es\/terri-steve-irwin-30-aniversario\/#breadcrumb","itemListElement":[{"@type":"ListItem","position":1,"name":"Home","item":"https:\/\/mymodernmet.com\/es\/"},{"@type":"ListItem","position":2,"name":"Inspiraci\u00f3n","item":"https:\/\/mymodernmet.com\/es\/category\/inspiracion\/"},{"@type":"ListItem","position":3,"name":"Terri Irwin recuerda al difunto Steve Irwin en el que hubiera sido su 30\u00ba aniversario"}]},{"@type":"WebSite","@id":"https:\/\/mymodernmet.com\/es\/#website","url":"https:\/\/mymodernmet.com\/es\/","name":"My Modern Met","description":"The Big City That Celebrates Creative Ideas","publisher":{"@id":"https:\/\/mymodernmet.com\/es\/#organization"},"alternateName":"My Modern Met","potentialAction":[{"@type":"SearchAction","target":{"@type":"EntryPoint","urlTemplate":"https:\/\/mymodernmet.com\/es\/?s={search_term_string}"},"query-input":{"@type":"PropertyValueSpecification","valueRequired":true,"valueName":"search_term_string"}}],"inLanguage":"es-ES"},{"@type":"Organization","@id":"https:\/\/mymodernmet.com\/es\/#organization","name":"My Modern Met","alternateName":"My Modern Met","url":"https:\/\/mymodernmet.com\/es\/","logo":{"@type":"ImageObject","inLanguage":"es-ES","@id":"https:\/\/mymodernmet.com\/es\/#\/schema\/logo\/image\/","url":"https:\/\/mymodernmet.com\/wp\/wp-content\/uploads\/2016\/12\/tumblr-logo.jpg","contentUrl":"https:\/\/mymodernmet.com\/wp\/wp-content\/uploads\/2016\/12\/tumblr-logo.jpg","width":600,"height":600,"caption":"My Modern Met"},"image":{"@id":"https:\/\/mymodernmet.com\/es\/#\/schema\/logo\/image\/"},"sameAs":["https:\/\/www.facebook.com\/mymodernmet","https:\/\/x.com\/mymodernmet","https:\/\/www.instagram.com\/mymodernmet\/","https:\/\/www.linkedin.com\/company\/3811009?trk=tyah&amp;amp;amp;trkInfo=clickedVertical:company,clickedEntityId:3811009,idx:2-1-2,tarId:1484473853378,tas:my modern","https:\/\/www.pinterest.com\/mymodernmet\/","https:\/\/www.youtube.com\/channel\/UCmiC4DC-xa6rqVJeNiRWDcQ"]},{"@type":"Person","@id":"https:\/\/mymodernmet.com\/es\/#\/schema\/person\/c7343a95a95535987ca78002582a8469","name":"Sof\u00eda Vargas","image":{"@type":"ImageObject","inLanguage":"es-ES","@id":"https:\/\/secure.gravatar.com\/avatar\/f375c5ddc7178427184ea841b568be24f572cf208b3967df546a112377f8c927?s=96&d=mm&r=g","url":"https:\/\/secure.gravatar.com\/avatar\/f375c5ddc7178427184ea841b568be24f572cf208b3967df546a112377f8c927?s=96&d=mm&r=g","contentUrl":"https:\/\/secure.gravatar.com\/avatar\/f375c5ddc7178427184ea841b568be24f572cf208b3967df546a112377f8c927?s=96&d=mm&r=g","caption":"Sof\u00eda Vargas"},"description":"Sof\u00eda Vargas es redactora en espa\u00f1ol para My Modern Met. Originaria de la Ciudad de M\u00e9xico, es licenciada en Lenguas Modernas y tiene un M\u00e1ster en Gesti\u00f3n Cultural por la Universidad Carlos III de Madrid. A lo largo de su carrera ha trabajado para varias instituciones culturales y ferias de arte en M\u00e9xico. Adem\u00e1s de escribir, Sof\u00eda dedica su tiempo a explorar otras pr\u00e1cticas art\u00edsticas, como la cer\u00e1mica y la ilustraci\u00f3n.","sameAs":["sofia@mymodernmet.com"],"url":"https:\/\/mymodernmet.com\/es\/author\/sofia\/"}]}},"_links":{"self":[{"href":"https:\/\/mymodernmet.com\/es\/wp-json\/wp\/v2\/posts\/519505","targetHints":{"allow":["GET"]}}],"collection":[{"href":"https:\/\/mymodernmet.com\/es\/wp-json\/wp\/v2\/posts"}],"about":[{"href":"https:\/\/mymodernmet.com\/es\/wp-json\/wp\/v2\/types\/post"}],"author":[{"embeddable":true,"href":"https:\/\/mymodernmet.com\/es\/wp-json\/wp\/v2\/users\/321"}],"replies":[{"embeddable":true,"href":"https:\/\/mymodernmet.com\/es\/wp-json\/wp\/v2\/comments?post=519505"}],"version-history":[{"count":5,"href":"https:\/\/mymodernmet.com\/es\/wp-json\/wp\/v2\/posts\/519505\/revisions"}],"predecessor-version":[{"id":519570,"href":"https:\/\/mymodernmet.com\/es\/wp-json\/wp\/v2\/posts\/519505\/revisions\/519570"}],"wp:attachment":[{"href":"https:\/\/mymodernmet.com\/es\/wp-json\/wp\/v2\/media?parent=519505"}],"wp:term":[{"taxonomy":"category","embeddable":true,"href":"https:\/\/mymodernmet.com\/es\/wp-json\/wp\/v2\/categories?post=519505"},{"taxonomy":"post_tag","embeddable":true,"href":"https:\/\/mymodernmet.com\/es\/wp-json\/wp\/v2\/tags?post=519505"}],"curies":[{"name":"wp","href":"https:\/\/api.w.org\/{rel}","templated":true}]}}